{"id":142095,"date":"2026-01-09T20:59:25","date_gmt":"2026-01-09T23:59:25","guid":{"rendered":"https:\/\/revistaesperanzas.com\/web\/?p=142095"},"modified":"2026-01-09T20:59:25","modified_gmt":"2026-01-09T23:59:25","slug":"rincon-de-lectura-infanto-juvenil","status":"publish","type":"post","link":"https:\/\/revistaesperanzas.com\/web\/2026\/01\/rincon-de-lectura-infanto-juvenil\/","title":{"rendered":"RINC\u00d3N DE LECTURA INFANTO JUVENIL"},"content":{"rendered":"<p style=\"font-weight: 400;\">Una propuesta de la Biblioteca Popular \u201cDomingo Faustino Sarmiento\u201d con el objetivo de descubrir el placer de la lectura y explorar las aventuras de los autores en sus obras literarias.<a href=\"https:\/\/revistaesperanzas.com\/web\/2026\/01\/rincon-de-lectura-infanto-juvenil\/rincon-de-lectura-biblioteca-sarmiento-1\/\" rel=\"attachment wp-att-142097\"><img loading=\"lazy\" decoding=\"async\" class=\" wp-image-142097 alignleft\" src=\"https:\/\/revistaesperanzas.com\/web\/wp-content\/uploads\/2026\/01\/rincon-de-lectura-Biblioteca-sarmiento-1.jpg\" alt=\"\" width=\"450\" height=\"349\" srcset=\"https:\/\/revistaesperanzas.com\/web\/wp-content\/uploads\/2026\/01\/rincon-de-lectura-Biblioteca-sarmiento-1.jpg 599w, https:\/\/revistaesperanzas.com\/web\/wp-content\/uploads\/2026\/01\/rincon-de-lectura-Biblioteca-sarmiento-1-541x420.jpg 541w\" sizes=\"auto, (max-width: 450px) 100vw, 450px\" \/><\/a><\/p>\n<p style=\"font-weight: 400;\">Sin dudas la ciudad ofrece diversas alternativas para \u201cviajar, explorar, emprender una gran aventura\u201d; dentro de esas opciones se encuentra la apertura de la Biblioteca \u201cSarmiento\u201d que abre sus puertas de lunes a viernes de \u00a008:00 a 12:00 y de 15:00 a 19:00 horas.<\/p>\n<p style=\"font-weight: 400;\">La entidad se convierte en otro centro de atracci\u00f3n para ser visitada, con la posibilidad que brinda el Rinc\u00f3n de Lectura Infantil y Juvenil, permitiendo a ni\u00f1os y j\u00f3venes descubrir \u201cfant\u00e1sticas\u201d historias contadas por los autores de la rica bibliograf\u00eda disponible.<a href=\"https:\/\/revistaesperanzas.com\/web\/2026\/01\/rincon-de-lectura-infanto-juvenil\/rincon-de-lectura-biblioteca-sarmiento-3\/\" rel=\"attachment wp-att-142098\"><img loading=\"lazy\" decoding=\"async\" class=\" wp-image-142098 alignright\" src=\"https:\/\/revistaesperanzas.com\/web\/wp-content\/uploads\/2026\/01\/rincon-de-lectura-Biblioteca-sarmiento-3.jpg\" alt=\"\" width=\"450\" height=\"373\" srcset=\"https:\/\/revistaesperanzas.com\/web\/wp-content\/uploads\/2026\/01\/rincon-de-lectura-Biblioteca-sarmiento-3.jpg 599w, https:\/\/revistaesperanzas.com\/web\/wp-content\/uploads\/2026\/01\/rincon-de-lectura-Biblioteca-sarmiento-3-506x420.jpg 506w\" sizes=\"auto, (max-width: 450px) 100vw, 450px\" \/><\/a><\/p>\n<p style=\"font-weight: 400;\">Como un imperativo desde la Biblioteca Popular \u201cDomingo F Sarmiento\u201d, es incentivar a ni\u00f1os y j\u00f3venes la pasi\u00f3n por la lectura contribuyendo a que no solo sean lectores, sino exploradores de los escritos de los autores locales, regionales, nacionales y de aquellos cl\u00e1sicos de la literatura infanto-juvenil.<\/p>\n<p style=\"font-weight: 400;\">Durante la semana que concluye, en la reapertura de ese rinc\u00f3n, cuentan desde la Biblioteca Popular, sobre la visita de Aishli y su mam\u00e1 Jimena, leyeron; manipularon libros; descubrieron obras y autores, entre ellos los &#8220;Cuentos de Zinnia&#8221; de la querida Sandra Aguirre, aunque ya tienen algunos ejemplares en su casa; incluso libritos para colorear de Fripin de la Biblioteca Mariano Moreno de Mocoret\u00e1.<\/p>\n<p style=\"font-weight: 400;\">Estas visitas inauguraron la temporada de lectura por placer en la a\u00f1eja, aunque colorida y disfrutable Biblioteca Sarmiento de Goya.<a href=\"https:\/\/revistaesperanzas.com\/web\/2026\/01\/rincon-de-lectura-infanto-juvenil\/rincon-de-lectura-biblioteca-sarmiento-2\/\" rel=\"attachment wp-att-142099\"><img loading=\"lazy\" decoding=\"async\" class=\" wp-image-142099 alignleft\" src=\"https:\/\/revistaesperanzas.com\/web\/wp-content\/uploads\/2026\/01\/rincon-de-lectura-Biblioteca-sarmiento-2.jpg\" alt=\"\" width=\"451\" height=\"355\" srcset=\"https:\/\/revistaesperanzas.com\/web\/wp-content\/uploads\/2026\/01\/rincon-de-lectura-Biblioteca-sarmiento-2.jpg 599w, https:\/\/revistaesperanzas.com\/web\/wp-content\/uploads\/2026\/01\/rincon-de-lectura-Biblioteca-sarmiento-2-533x420.jpg 533w\" sizes=\"auto, (max-width: 451px) 100vw, 451px\" \/><\/a><\/p>\n<p style=\"font-weight: 400;\">De esta manera, expresan desde la CD de la Biblioteca Sarmiento: \u201centre libros, colores, lectura compartida y buenos momentos iniciamos el 2026 en el Rinc\u00f3n de lectura infantil y juvenil &#8220;Luis Horacio Carbone&#8221;.<\/p>\n<p style=\"font-weight: 400;\">Un lugar recomendable para su visita, viajar con los autores, descubrir el placer de la lectura, recordando que la Biblioteca est\u00e1 ubicada en calle Mariano I Loza 564, abierta de lunes a viernes de 08:00 a 12:00 y de 15:00 a 19:00 horas.<\/p>\n","protected":false},"excerpt":{"rendered":"<p>Una propuesta de la Biblioteca Popular \u201cDomingo Faustino Sarmiento\u201d con el objetivo de descubrir el placer de la lectura y explorar las aventuras de los autores en sus obras literarias. Sin dudas la ciudad ofrece diversas alternativas para \u201cviajar, explorar, emprender una gran aventura\u201d; dentro de esas opciones se encuentra la apertura de la Biblioteca [&hellip;]<\/p>\n","protected":false},"author":4,"featured_media":142096,"comment_status":"closed","ping_status":"closed","sticky":false,"template":"","format":"standard","meta":{"footnotes":""},"categories":[45],"tags":[],"class_list":{"0":"post-142095","1":"post","2":"type-post","3":"status-publish","4":"format-standard","5":"has-post-thumbnail","7":"category-locales"},"_links":{"self":[{"href":"https:\/\/revistaesperanzas.com\/web\/wp-json\/wp\/v2\/posts\/142095","targetHints":{"allow":["GET"]}}],"collection":[{"href":"https:\/\/revistaesperanzas.com\/web\/wp-json\/wp\/v2\/posts"}],"about":[{"href":"https:\/\/revistaesperanzas.com\/web\/wp-json\/wp\/v2\/types\/post"}],"author":[{"embeddable":true,"href":"https:\/\/revistaesperanzas.com\/web\/wp-json\/wp\/v2\/users\/4"}],"replies":[{"embeddable":true,"href":"https:\/\/revistaesperanzas.com\/web\/wp-json\/wp\/v2\/comments?post=142095"}],"version-history":[{"count":2,"href":"https:\/\/revistaesperanzas.com\/web\/wp-json\/wp\/v2\/posts\/142095\/revisions"}],"predecessor-version":[{"id":142101,"href":"https:\/\/revistaesperanzas.com\/web\/wp-json\/wp\/v2\/posts\/142095\/revisions\/142101"}],"wp:featuredmedia":[{"embeddable":true,"href":"https:\/\/revistaesperanzas.com\/web\/wp-json\/wp\/v2\/media\/142096"}],"wp:attachment":[{"href":"https:\/\/revistaesperanzas.com\/web\/wp-json\/wp\/v2\/media?parent=142095"}],"wp:term":[{"taxonomy":"category","embeddable":true,"href":"https:\/\/revistaesperanzas.com\/web\/wp-json\/wp\/v2\/categories?post=142095"},{"taxonomy":"post_tag","embeddable":true,"href":"https:\/\/revistaesperanzas.com\/web\/wp-json\/wp\/v2\/tags?post=142095"}],"curies":[{"name":"wp","href":"https:\/\/api.w.org\/{rel}","templated":true}]}}