{"id":142102,"date":"2026-01-09T21:06:19","date_gmt":"2026-01-10T00:06:19","guid":{"rendered":"https:\/\/revistaesperanzas.com\/web\/?p=142102"},"modified":"2026-01-09T21:06:19","modified_gmt":"2026-01-10T00:06:19","slug":"escuela-de-verano-2","status":"publish","type":"post","link":"https:\/\/revistaesperanzas.com\/web\/2026\/01\/escuela-de-verano-2\/","title":{"rendered":"ESCUELA DE VERANO"},"content":{"rendered":"<p style=\"font-weight: 400;\">Talleres Barriales<\/p>\n<p style=\"font-weight: 400;\">Concluye la primera semana del programa integral de la Municipalidad creado para las vacaciones, la Escuela de Verano<a href=\"https:\/\/revistaesperanzas.com\/web\/2026\/01\/escuela-de-verano-2\/escuela-de-verano-talleres-3-barrio-belgrano-juvcentud-pelicuals-y-juegos\/\" rel=\"attachment wp-att-142104\"><img loading=\"lazy\" decoding=\"async\" class=\" wp-image-142104 alignleft\" src=\"https:\/\/revistaesperanzas.com\/web\/wp-content\/uploads\/2026\/01\/Escuela-de-Verano-Talleres-3-Barrio-Belgrano-Juvcentud-pelicuals-y-juegos.jpg\" alt=\"\" width=\"450\" height=\"361\" srcset=\"https:\/\/revistaesperanzas.com\/web\/wp-content\/uploads\/2026\/01\/Escuela-de-Verano-Talleres-3-Barrio-Belgrano-Juvcentud-pelicuals-y-juegos.jpg 600w, https:\/\/revistaesperanzas.com\/web\/wp-content\/uploads\/2026\/01\/Escuela-de-Verano-Talleres-3-Barrio-Belgrano-Juvcentud-pelicuals-y-juegos-524x420.jpg 524w\" sizes=\"auto, (max-width: 450px) 100vw, 450px\" \/><\/a><\/p>\n<p style=\"font-weight: 400;\">Propuesta coordinada desde la Secretar\u00eda de Educaci\u00f3n con la intervenci\u00f3n de las diferentes \u00e1reas municipales que acercan opciones para ni\u00f1os y adolescentes de la ciudad.<\/p>\n<p style=\"font-weight: 400;\">Espacios pensados para aprender, compartir y divertirse, fortaleciendo el encuentro y la participaci\u00f3n de ni\u00f1os y j\u00f3venes.<\/p>\n<p style=\"font-weight: 400;\">La actividad principal se desarrolla en la Pileta del Parque Acu\u00e1tico Goya, donde los destinatarios del programa adem\u00e1s de aprender a nadar, o fortalecer esa pr\u00e1ctica, sumando \u00e1mbitos l\u00fadicos, recreativos y art\u00edsticos, el programa se complementa con talleres en diversos barrios de la ciudad.<a href=\"https:\/\/revistaesperanzas.com\/web\/2026\/01\/escuela-de-verano-2\/escuela-de-verano-talleres-4-barrio-belgrano-juvcentud-pelicuals-y-juegos\/\" rel=\"attachment wp-att-142105\"><img loading=\"lazy\" decoding=\"async\" class=\" wp-image-142105 alignright\" src=\"https:\/\/revistaesperanzas.com\/web\/wp-content\/uploads\/2026\/01\/Escuela-de-Verano-Talleres-4-Barrio-Belgrano-Juvcentud-pelicuals-y-juegos.jpg\" alt=\"\" width=\"451\" height=\"340\" srcset=\"https:\/\/revistaesperanzas.com\/web\/wp-content\/uploads\/2026\/01\/Escuela-de-Verano-Talleres-4-Barrio-Belgrano-Juvcentud-pelicuals-y-juegos.jpg 599w, https:\/\/revistaesperanzas.com\/web\/wp-content\/uploads\/2026\/01\/Escuela-de-Verano-Talleres-4-Barrio-Belgrano-Juvcentud-pelicuals-y-juegos-557x420.jpg 557w, https:\/\/revistaesperanzas.com\/web\/wp-content\/uploads\/2026\/01\/Escuela-de-Verano-Talleres-4-Barrio-Belgrano-Juvcentud-pelicuals-y-juegos-80x60.jpg 80w\" sizes=\"auto, (max-width: 451px) 100vw, 451px\" \/><\/a><\/p>\n<p style=\"font-weight: 400;\">BARRIO BELGRANO<\/p>\n<p style=\"font-weight: 400;\">En ese lugar la Direcci\u00f3n de Juventud lleva adelante la proyecci\u00f3n de pel\u00edculas para el p\u00fablico infantil y adolescente, combinando con juegos recreativos, los d\u00edas martes y jueves de 9 a 11 horas, con acceso libre y gratuito.<\/p>\n<p style=\"font-weight: 400;\">Junto a la proyecci\u00f3n de pel\u00edculas Juventud despliega los siguientes talleres:<\/p>\n<p style=\"font-weight: 400;\">&#8211; Recicla y decora, con cosas reciclables hacer artesan\u00edas<\/p>\n<p style=\"font-weight: 400;\">&#8211; Taller de pesca, conocer y aprender de pesca, y como armar un mojarrero<\/p>\n<p style=\"font-weight: 400;\">-D\u00eda de barber\u00eda y peinados locos<\/p>\n<p style=\"font-weight: 400;\">&#8211; Juegos did\u00e1cticos<a href=\"https:\/\/revistaesperanzas.com\/web\/2026\/01\/escuela-de-verano-2\/escuela-de-verano-talleres-2-barrio-belgrano-juvcentud-pelicuals-y-juegos\/\" rel=\"attachment wp-att-142106\"><img loading=\"lazy\" decoding=\"async\" class=\" wp-image-142106 alignleft\" src=\"https:\/\/revistaesperanzas.com\/web\/wp-content\/uploads\/2026\/01\/Escuela-de-Verano-Talleres-2-Barrio-Belgrano-Juvcentud-pelicuals-y-juegos.jpg\" alt=\"\" width=\"451\" height=\"407\" srcset=\"https:\/\/revistaesperanzas.com\/web\/wp-content\/uploads\/2026\/01\/Escuela-de-Verano-Talleres-2-Barrio-Belgrano-Juvcentud-pelicuals-y-juegos.jpg 599w, https:\/\/revistaesperanzas.com\/web\/wp-content\/uploads\/2026\/01\/Escuela-de-Verano-Talleres-2-Barrio-Belgrano-Juvcentud-pelicuals-y-juegos-465x420.jpg 465w\" sizes=\"auto, (max-width: 451px) 100vw, 451px\" \/><\/a><\/p>\n<p style=\"font-weight: 400;\">Se invita a ni\u00f1os y adolescentes del Barrio Belgrano a concurrir los d\u00edas martes y jueves de 9 a 11 horas, para ver \u201cpelis\u201d y compartir momentos recreativos.<\/p>\n<p style=\"font-weight: 400;\">Barrio San Ram\u00f3n \u2013 CEDICOM<\/p>\n<p style=\"font-weight: 400;\">En el Centro Digital Comunitario del mencionado barrio, los profesores del ITG est\u00e1n realizando el taller de creaci\u00f3n de cortos animados en 3D, (con cupos completos).<\/p>\n<p style=\"font-weight: 400;\">Un espacio que combina tecnolog\u00eda, creatividad e imaginaci\u00f3n<\/p>\n<p style=\"font-weight: 400;\">Cada una de estas propuestas del Programa Escuela de Verano, tras la pausa del fin de semana continuar\u00e1n en los d\u00edas establecidos para cada uno de estos talleres.<\/p>\n<p style=\"font-weight: 400;\">\n","protected":false},"excerpt":{"rendered":"<p>Talleres Barriales Concluye la primera semana del programa integral de la Municipalidad creado para las vacaciones, la Escuela de Verano Propuesta coordinada desde la Secretar\u00eda de Educaci\u00f3n con la intervenci\u00f3n de las diferentes \u00e1reas municipales que acercan opciones para ni\u00f1os y adolescentes de la ciudad. Espacios pensados para aprender, compartir y divertirse, fortaleciendo el encuentro [&hellip;]<\/p>\n","protected":false},"author":4,"featured_media":142103,"comment_status":"closed","ping_status":"closed","sticky":false,"template":"","format":"standard","meta":{"footnotes":""},"categories":[45],"tags":[],"class_list":{"0":"post-142102","1":"post","2":"type-post","3":"status-publish","4":"format-standard","5":"has-post-thumbnail","7":"category-locales"},"_links":{"self":[{"href":"https:\/\/revistaesperanzas.com\/web\/wp-json\/wp\/v2\/posts\/142102","targetHints":{"allow":["GET"]}}],"collection":[{"href":"https:\/\/revistaesperanzas.com\/web\/wp-json\/wp\/v2\/posts"}],"about":[{"href":"https:\/\/revistaesperanzas.com\/web\/wp-json\/wp\/v2\/types\/post"}],"author":[{"embeddable":true,"href":"https:\/\/revistaesperanzas.com\/web\/wp-json\/wp\/v2\/users\/4"}],"replies":[{"embeddable":true,"href":"https:\/\/revistaesperanzas.com\/web\/wp-json\/wp\/v2\/comments?post=142102"}],"version-history":[{"count":2,"href":"https:\/\/revistaesperanzas.com\/web\/wp-json\/wp\/v2\/posts\/142102\/revisions"}],"predecessor-version":[{"id":142108,"href":"https:\/\/revistaesperanzas.com\/web\/wp-json\/wp\/v2\/posts\/142102\/revisions\/142108"}],"wp:featuredmedia":[{"embeddable":true,"href":"https:\/\/revistaesperanzas.com\/web\/wp-json\/wp\/v2\/media\/142103"}],"wp:attachment":[{"href":"https:\/\/revistaesperanzas.com\/web\/wp-json\/wp\/v2\/media?parent=142102"}],"wp:term":[{"taxonomy":"category","embeddable":true,"href":"https:\/\/revistaesperanzas.com\/web\/wp-json\/wp\/v2\/categories?post=142102"},{"taxonomy":"post_tag","embeddable":true,"href":"https:\/\/revistaesperanzas.com\/web\/wp-json\/wp\/v2\/tags?post=142102"}],"curies":[{"name":"wp","href":"https:\/\/api.w.org\/{rel}","templated":true}]}}