{"id":142148,"date":"2026-01-10T20:16:32","date_gmt":"2026-01-10T23:16:32","guid":{"rendered":"https:\/\/revistaesperanzas.com\/web\/?p=142148"},"modified":"2026-01-10T20:16:32","modified_gmt":"2026-01-10T23:16:32","slug":"bailanta-chamamecera-en-el-inga-2","status":"publish","type":"post","link":"https:\/\/revistaesperanzas.com\/web\/2026\/01\/bailanta-chamamecera-en-el-inga-2\/","title":{"rendered":"BAILANTA CHAMAMECERA EN EL INGA"},"content":{"rendered":"<p style=\"font-weight: 400;\">Todo preparado para el programa en adhesi\u00f3n a la Fiesta Nacional del Chamam\u00e9, el espacio de la Costanera Norte se alista para recibir a los artistas y al p\u00fablico este s\u00e1bado desde las 21 horas, con la nueva edici\u00f3n de la Bailanta Chamamecera, al estilo \u201cTaco y Suela\u201d<a href=\"https:\/\/revistaesperanzas.com\/web\/2026\/01\/bailanta-chamamecera-en-el-inga-2\/1-4\/\" rel=\"attachment wp-att-142150\"><img loading=\"lazy\" decoding=\"async\" class=\"alignnone  wp-image-142150\" src=\"https:\/\/revistaesperanzas.com\/web\/wp-content\/uploads\/2026\/01\/1.jpg\" alt=\"\" width=\"692\" height=\"226\" \/><\/a><\/p>\n<p style=\"font-weight: 400;\">La apertura del programa a las 21 horas, estar\u00e1 a cargo del conjunto consagrado de Misiones \u201cLos Pr\u00edncipes\u201d, contando adem\u00e1s con la participaci\u00f3n de la Escuela Municipal de Danzas Nativas \u201cEl Trovador\u201d, bailarines del Ballet Oficial \u201cAna Mar\u00eda Trainini\u201d; el Ballet \u201cNuevo Amanecer\u201d; D\u00fao Chamamecero Municipal; Los Carai del Chamam\u00e9 y el cierre musical que brindar\u00e1 Paola Bel\u00e9n \u201cLa Gauchita Cumbiera\u201d<a href=\"https:\/\/revistaesperanzas.com\/web\/2026\/01\/bailanta-chamamecera-en-el-inga-2\/2-15\/\" rel=\"attachment wp-att-142151\"><img loading=\"lazy\" decoding=\"async\" class=\"alignnone  wp-image-142151\" src=\"https:\/\/revistaesperanzas.com\/web\/wp-content\/uploads\/2026\/01\/2-1.jpg\" alt=\"\" width=\"698\" height=\"228\" \/><\/a><\/p>\n<p style=\"font-weight: 400;\">Con entrada libre y gratuita, siendo la \u00fanica recomendaci\u00f3n asistir con la silleta y las ganas de bailar.<\/p>\n","protected":false},"excerpt":{"rendered":"<p>Todo preparado para el programa en adhesi\u00f3n a la Fiesta Nacional del Chamam\u00e9, el espacio de la Costanera Norte se alista para recibir a los artistas y al p\u00fablico este s\u00e1bado desde las 21 horas, con la nueva edici\u00f3n de la Bailanta Chamamecera, al estilo \u201cTaco y Suela\u201d La apertura del programa a las 21 [&hellip;]<\/p>\n","protected":false},"author":4,"featured_media":142149,"comment_status":"closed","ping_status":"closed","sticky":false,"template":"","format":"standard","meta":{"footnotes":""},"categories":[45],"tags":[],"class_list":{"0":"post-142148","1":"post","2":"type-post","3":"status-publish","4":"format-standard","5":"has-post-thumbnail","7":"category-locales"},"_links":{"self":[{"href":"https:\/\/revistaesperanzas.com\/web\/wp-json\/wp\/v2\/posts\/142148","targetHints":{"allow":["GET"]}}],"collection":[{"href":"https:\/\/revistaesperanzas.com\/web\/wp-json\/wp\/v2\/posts"}],"about":[{"href":"https:\/\/revistaesperanzas.com\/web\/wp-json\/wp\/v2\/types\/post"}],"author":[{"embeddable":true,"href":"https:\/\/revistaesperanzas.com\/web\/wp-json\/wp\/v2\/users\/4"}],"replies":[{"embeddable":true,"href":"https:\/\/revistaesperanzas.com\/web\/wp-json\/wp\/v2\/comments?post=142148"}],"version-history":[{"count":2,"href":"https:\/\/revistaesperanzas.com\/web\/wp-json\/wp\/v2\/posts\/142148\/revisions"}],"predecessor-version":[{"id":142153,"href":"https:\/\/revistaesperanzas.com\/web\/wp-json\/wp\/v2\/posts\/142148\/revisions\/142153"}],"wp:featuredmedia":[{"embeddable":true,"href":"https:\/\/revistaesperanzas.com\/web\/wp-json\/wp\/v2\/media\/142149"}],"wp:attachment":[{"href":"https:\/\/revistaesperanzas.com\/web\/wp-json\/wp\/v2\/media?parent=142148"}],"wp:term":[{"taxonomy":"category","embeddable":true,"href":"https:\/\/revistaesperanzas.com\/web\/wp-json\/wp\/v2\/categories?post=142148"},{"taxonomy":"post_tag","embeddable":true,"href":"https:\/\/revistaesperanzas.com\/web\/wp-json\/wp\/v2\/tags?post=142148"}],"curies":[{"name":"wp","href":"https:\/\/api.w.org\/{rel}","templated":true}]}}