{"id":142162,"date":"2026-01-10T20:25:05","date_gmt":"2026-01-10T23:25:05","guid":{"rendered":"https:\/\/revistaesperanzas.com\/web\/?p=142162"},"modified":"2026-01-10T20:25:05","modified_gmt":"2026-01-10T23:25:05","slug":"domingo-en-costanera-norte-de-carnaval-y-roda-en-la-playa","status":"publish","type":"post","link":"https:\/\/revistaesperanzas.com\/web\/2026\/01\/domingo-en-costanera-norte-de-carnaval-y-roda-en-la-playa\/","title":{"rendered":"DOMINGO EN COSTANERA NORTE DE CARNAVAL Y RODA EN LA PLAYA"},"content":{"rendered":"<p style=\"font-weight: 400;\">El domingo 11 de enero desde las 19 horas se har\u00e1 la presentaci\u00f3n de los carnavales de nuestra ciudad.<\/p>\n<p style=\"font-weight: 400;\">La particularidad de la velada a la vera del riacho Goya, es adem\u00e1s de conocer fechas y detalles de las lunas carnavaleras de la ciudad, el cierre estar\u00e1 a cargo de la Banda Os Demonios con su Roda en la Playa.<a href=\"https:\/\/revistaesperanzas.com\/web\/2026\/01\/domingo-en-costanera-norte-de-carnaval-y-roda-en-la-playa\/carnaval-y-roda-en-la-playa-flyr-2\/\" rel=\"attachment wp-att-142164\"><img loading=\"lazy\" decoding=\"async\" class=\" wp-image-142164 alignleft\" src=\"https:\/\/revistaesperanzas.com\/web\/wp-content\/uploads\/2026\/01\/carnaval-y-roda-en-la-Playa-flyr-2.jpg\" alt=\"\" width=\"450\" height=\"800\" srcset=\"https:\/\/revistaesperanzas.com\/web\/wp-content\/uploads\/2026\/01\/carnaval-y-roda-en-la-Playa-flyr-2.jpg 720w, https:\/\/revistaesperanzas.com\/web\/wp-content\/uploads\/2026\/01\/carnaval-y-roda-en-la-Playa-flyr-2-236x420.jpg 236w, https:\/\/revistaesperanzas.com\/web\/wp-content\/uploads\/2026\/01\/carnaval-y-roda-en-la-Playa-flyr-2-696x1237.jpg 696w\" sizes=\"auto, (max-width: 450px) 100vw, 450px\" \/><\/a><\/p>\n<p style=\"font-weight: 400;\">Durante la presentaci\u00f3n de la Fiesta de Momo, adem\u00e1s de darse a conocer los detalles de los corsos oficiales, las comparsas intervinientes presentaran tema de esta edici\u00f3n, sus figuras y bater\u00eda, para ello se estableci\u00f3 un orden:<br \/>\n19 \u00a0\u00a0\u00a0\u00a0\u00a0\u00a0\u00a0\u00a0horas:\u00a0 \u00a0\u00a0Arami<\/p>\n<p style=\"font-weight: 400;\">19 y 30 horas: \u00a0\u00a0\u00a0Oh Bah\u00eda<\/p>\n<p style=\"font-weight: 400;\">20\u00a0\u00a0\u00a0\u00a0\u00a0\u00a0\u00a0\u00a0 horas:\u00a0\u00a0\u00a0 Poramba<\/p>\n<p style=\"font-weight: 400;\">20 y 30 horas:\u00a0\u00a0\u00a0 Tropical<\/p>\n<p style=\"font-weight: 400;\">21\u00a0\u00a0\u00a0\u00a0\u00a0\u00a0\u00a0\u00a0 horas:\u00a0\u00a0\u00a0 Aymara<\/p>\n<p style=\"font-weight: 400;\">21 y 30 horas:\u00a0\u00a0\u00a0 Ita Vera<\/p>\n<p style=\"font-weight: 400;\">Tras la presentaci\u00f3n de los carnavales, la Banda Os Demonio har\u00e1 su primer encuentro en la Playa, desde las 22 horas, el cierre se har\u00e1 con la Roda en la Playa, espect\u00e1culo que dar\u00e1 el marco adecuado a la jornada prevista para el domingo en la Costanera Norte.<\/p>\n<p style=\"font-weight: 400;\">Se recuerda que toda esta propuesta programada en Playa el Inga, el domingo desde las 19 horas, presentaci\u00f3n de los carnavales goyanos y la Roda de Os Demonios, es con acceso libre y gratuito.<\/p>\n","protected":false},"excerpt":{"rendered":"<p>El domingo 11 de enero desde las 19 horas se har\u00e1 la presentaci\u00f3n de los carnavales de nuestra ciudad. La particularidad de la velada a la vera del riacho Goya, es adem\u00e1s de conocer fechas y detalles de las lunas carnavaleras de la ciudad, el cierre estar\u00e1 a cargo de la Banda Os Demonios con [&hellip;]<\/p>\n","protected":false},"author":4,"featured_media":142163,"comment_status":"closed","ping_status":"closed","sticky":false,"template":"","format":"standard","meta":{"footnotes":""},"categories":[45],"tags":[],"class_list":{"0":"post-142162","1":"post","2":"type-post","3":"status-publish","4":"format-standard","5":"has-post-thumbnail","7":"category-locales"},"_links":{"self":[{"href":"https:\/\/revistaesperanzas.com\/web\/wp-json\/wp\/v2\/posts\/142162","targetHints":{"allow":["GET"]}}],"collection":[{"href":"https:\/\/revistaesperanzas.com\/web\/wp-json\/wp\/v2\/posts"}],"about":[{"href":"https:\/\/revistaesperanzas.com\/web\/wp-json\/wp\/v2\/types\/post"}],"author":[{"embeddable":true,"href":"https:\/\/revistaesperanzas.com\/web\/wp-json\/wp\/v2\/users\/4"}],"replies":[{"embeddable":true,"href":"https:\/\/revistaesperanzas.com\/web\/wp-json\/wp\/v2\/comments?post=142162"}],"version-history":[{"count":2,"href":"https:\/\/revistaesperanzas.com\/web\/wp-json\/wp\/v2\/posts\/142162\/revisions"}],"predecessor-version":[{"id":142166,"href":"https:\/\/revistaesperanzas.com\/web\/wp-json\/wp\/v2\/posts\/142162\/revisions\/142166"}],"wp:featuredmedia":[{"embeddable":true,"href":"https:\/\/revistaesperanzas.com\/web\/wp-json\/wp\/v2\/media\/142163"}],"wp:attachment":[{"href":"https:\/\/revistaesperanzas.com\/web\/wp-json\/wp\/v2\/media?parent=142162"}],"wp:term":[{"taxonomy":"category","embeddable":true,"href":"https:\/\/revistaesperanzas.com\/web\/wp-json\/wp\/v2\/categories?post=142162"},{"taxonomy":"post_tag","embeddable":true,"href":"https:\/\/revistaesperanzas.com\/web\/wp-json\/wp\/v2\/tags?post=142162"}],"curies":[{"name":"wp","href":"https:\/\/api.w.org\/{rel}","templated":true}]}}