{"id":142167,"date":"2026-01-10T20:32:49","date_gmt":"2026-01-10T23:32:49","guid":{"rendered":"https:\/\/revistaesperanzas.com\/web\/?p=142167"},"modified":"2026-01-10T20:32:49","modified_gmt":"2026-01-10T23:32:49","slug":"talleres-de-musica-canto-y-danza-en-el-verano","status":"publish","type":"post","link":"https:\/\/revistaesperanzas.com\/web\/2026\/01\/talleres-de-musica-canto-y-danza-en-el-verano\/","title":{"rendered":"TALLERES DE M\u00daSICA, CANTO Y DANZA EN EL VERANO"},"content":{"rendered":"<p style=\"font-weight: 400;\">El programa integral de la Municipalidad de Goya, la Escuela de Verano genera distintas ofertas y espacios destinados a ni\u00f1os y adolescentes, es el caso de la propuesta desde la Secretar\u00eda de Gobierno por medio de la Direcci\u00f3n de Cultura, con los talleres de m\u00fasica, canto y danza.<\/p>\n<p style=\"font-weight: 400;\">ESCUELA MUNICIPAL DE M\u00daSICA<\/p>\n<p style=\"font-weight: 400;\">Desde el lunes 12 y hasta el viernes 16 de enero, en Casa de la Cultura en el horario de 14 a 18 horas, se habilitar\u00e1 el periodo de inscripci\u00f3n para los talleres de m\u00fasica y canto, que brindar\u00e1 la Escuela Municipal de M\u00fasica, para adquirir conocimiento en los siguientes instrumentos: viol\u00edn; teclado, acorde\u00f3n; percusi\u00f3n; guitarra y taller de canto.<\/p>\n<p style=\"font-weight: 400;\">Se recuerda que los cupos son limitados.<\/p>\n<p style=\"font-weight: 400;\">TALLERES BARRIALES<\/p>\n<p style=\"font-weight: 400;\">Con el mismo objetivo la Escuela Municipal de Danzas Nativas habilitar\u00e1 la inscripci\u00f3n para los talleres de danzas nativas que se dictar\u00e1n en diferentes sedes barriales.<\/p>\n<p style=\"font-weight: 400;\">Los interesados podr\u00e1n concurrir a esos lugares para poder registrar su participaci\u00f3n:<br \/>\nBarrio Sarmiento: martes y jueves 9 a 10 y 30 horas<\/p>\n<p style=\"font-weight: 400;\">Barrio Villa Vital: lunes y martes de 9 a 10 y 30 horas<\/p>\n<p style=\"font-weight: 400;\">Barrio Madre Teresa de Calcuta: martes y jueves de 19 a 20 y 30 horas<\/p>\n<p style=\"font-weight: 400;\">En todos los casos desde el lunes 12 se abre la inscripci\u00f3n para estos talleres.<\/p>\n<p style=\"font-weight: 400;\">Un dato m\u00e1s a tener en cuenta en ambos talleres de danza y de m\u00fasica es que son de car\u00e1cter libre y gratuito.<\/p>\n","protected":false},"excerpt":{"rendered":"<p>El programa integral de la Municipalidad de Goya, la Escuela de Verano genera distintas ofertas y espacios destinados a ni\u00f1os y adolescentes, es el caso de la propuesta desde la Secretar\u00eda de Gobierno por medio de la Direcci\u00f3n de Cultura, con los talleres de m\u00fasica, canto y danza. ESCUELA MUNICIPAL DE M\u00daSICA Desde el lunes [&hellip;]<\/p>\n","protected":false},"author":4,"featured_media":142168,"comment_status":"closed","ping_status":"closed","sticky":false,"template":"","format":"standard","meta":{"footnotes":""},"categories":[45],"tags":[],"class_list":{"0":"post-142167","1":"post","2":"type-post","3":"status-publish","4":"format-standard","5":"has-post-thumbnail","7":"category-locales"},"_links":{"self":[{"href":"https:\/\/revistaesperanzas.com\/web\/wp-json\/wp\/v2\/posts\/142167","targetHints":{"allow":["GET"]}}],"collection":[{"href":"https:\/\/revistaesperanzas.com\/web\/wp-json\/wp\/v2\/posts"}],"about":[{"href":"https:\/\/revistaesperanzas.com\/web\/wp-json\/wp\/v2\/types\/post"}],"author":[{"embeddable":true,"href":"https:\/\/revistaesperanzas.com\/web\/wp-json\/wp\/v2\/users\/4"}],"replies":[{"embeddable":true,"href":"https:\/\/revistaesperanzas.com\/web\/wp-json\/wp\/v2\/comments?post=142167"}],"version-history":[{"count":1,"href":"https:\/\/revistaesperanzas.com\/web\/wp-json\/wp\/v2\/posts\/142167\/revisions"}],"predecessor-version":[{"id":142169,"href":"https:\/\/revistaesperanzas.com\/web\/wp-json\/wp\/v2\/posts\/142167\/revisions\/142169"}],"wp:featuredmedia":[{"embeddable":true,"href":"https:\/\/revistaesperanzas.com\/web\/wp-json\/wp\/v2\/media\/142168"}],"wp:attachment":[{"href":"https:\/\/revistaesperanzas.com\/web\/wp-json\/wp\/v2\/media?parent=142167"}],"wp:term":[{"taxonomy":"category","embeddable":true,"href":"https:\/\/revistaesperanzas.com\/web\/wp-json\/wp\/v2\/categories?post=142167"},{"taxonomy":"post_tag","embeddable":true,"href":"https:\/\/revistaesperanzas.com\/web\/wp-json\/wp\/v2\/tags?post=142167"}],"curies":[{"name":"wp","href":"https:\/\/api.w.org\/{rel}","templated":true}]}}