{"id":142170,"date":"2026-01-10T20:35:20","date_gmt":"2026-01-10T23:35:20","guid":{"rendered":"https:\/\/revistaesperanzas.com\/web\/?p=142170"},"modified":"2026-01-10T20:35:20","modified_gmt":"2026-01-10T23:35:20","slug":"el-teatro-otra-de-las-propuestas-para-el-verano","status":"publish","type":"post","link":"https:\/\/revistaesperanzas.com\/web\/2026\/01\/el-teatro-otra-de-las-propuestas-para-el-verano\/","title":{"rendered":"EL TEATRO OTRA DE LAS PROPUESTAS PARA EL VERANO"},"content":{"rendered":"<p style=\"font-weight: 400;\">Sin dudas la ciudad de Goya muestra diferentes alternativas para esta temporada estival, playa, m\u00fasica, danza, y tambi\u00e9n como plan de verano el teatro.<\/p>\n<p style=\"font-weight: 400;\">Es la iniciativa generada desde el Teatro Vocacional \u201cCandilejas\u201d, pensando en las<a href=\"https:\/\/revistaesperanzas.com\/web\/2026\/01\/el-teatro-otra-de-las-propuestas-para-el-verano\/propuesta-teatro-en-verano-cazadoras-doradas-flyr\/\" rel=\"attachment wp-att-142172\"><img loading=\"lazy\" decoding=\"async\" class=\" wp-image-142172 alignright\" src=\"https:\/\/revistaesperanzas.com\/web\/wp-content\/uploads\/2026\/01\/propuesta-teatro-en-verano-Cazadoras-Doradas-flyr.jpg\" alt=\"\" width=\"400\" height=\"711\" srcset=\"https:\/\/revistaesperanzas.com\/web\/wp-content\/uploads\/2026\/01\/propuesta-teatro-en-verano-Cazadoras-Doradas-flyr.jpg 600w, https:\/\/revistaesperanzas.com\/web\/wp-content\/uploads\/2026\/01\/propuesta-teatro-en-verano-Cazadoras-Doradas-flyr-236x420.jpg 236w\" sizes=\"auto, (max-width: 400px) 100vw, 400px\" \/><\/a> vacaciones en la platea infantil, familiar trae el espect\u00e1culo de gran repercusi\u00f3n a nivel nacional de gira por varias provincias, Goya tendr\u00e1 la oportunidad de ver la obra \u201cCAZADORAS DORADAS: Guerreras del K-Pop\u201d el pr\u00f3ximo viernes 16 de enero, con funci\u00f3n programada a las 19 y 30 horas, en la Sala \u201cLuis Horacio Carbone\u201d del vocacional de Goya.<\/p>\n<p style=\"font-weight: 400;\">Vale mencionar que la Sala del Teatro \u201cCandilejas\u201d de nuestra ciudad, est\u00e1 totalmente climatizada.<\/p>\n<p style=\"font-weight: 400;\">Una historia original inspirada en un \u00e9xito mundial, que combina emoci\u00f3n, energ\u00eda y los temas k-pop m\u00e1s escuchados por millones de fans en todo el planeta.<\/p>\n<p style=\"font-weight: 400;\">Un espect\u00e1culo con coreograf\u00edas impactantes, vestuarios incre\u00edbles, efectos especiales y una puesta en escena sorprendente.<\/p>\n<p style=\"font-weight: 400;\">Cazadoras Doradas deber\u00e1n enfrentarse a los temidos Saja Boys, enemigos que buscan apagar su magia y romper la uni\u00f3n que las hace invencibles.<\/p>\n<p style=\"font-weight: 400;\">En esta aventura llena de m\u00fasica, energ\u00eda y amistad, nuestras hero\u00ednas aprender\u00e1n que el verdadero poder comienza dentro de una misma:<\/p>\n<p style=\"font-weight: 400;\">\u00a1NADA PODR\u00c1 DETENER A LAS CAZADORAS DORADAS!<\/p>\n<p style=\"font-weight: 400;\">La propuesta en verano en la ciudad de Goya tra\u00edda por el Teatro Vocacional \u201cCandilejas\u201d, en materia teatral este espect\u00e1culo fascinante, el pr\u00f3ximo viernes 16 de enero en la Sala \u201cLuis Horacio Carbone\u201d totalmente climatizada.<\/p>\n<p style=\"font-weight: 400;\">Una invitaci\u00f3n para vivir un show \u00fanico, lleno de magia, emoci\u00f3n y sorpresas, las entradas se podr\u00e1n adquirir a trav\u00e9s de\u00a0<a href=\"http:\/\/centralticket.net\/\" data-saferedirecturl=\"https:\/\/www.google.com\/url?q=http:\/\/centralticket.net&amp;source=gmail&amp;ust=1768173465365000&amp;usg=AOvVaw0gT1FA-K6P3pS_beLVL2Ch\">centralticket.net<\/a>.<\/p>\n","protected":false},"excerpt":{"rendered":"<p>Sin dudas la ciudad de Goya muestra diferentes alternativas para esta temporada estival, playa, m\u00fasica, danza, y tambi\u00e9n como plan de verano el teatro. Es la iniciativa generada desde el Teatro Vocacional \u201cCandilejas\u201d, pensando en las vacaciones en la platea infantil, familiar trae el espect\u00e1culo de gran repercusi\u00f3n a nivel nacional de gira por varias [&hellip;]<\/p>\n","protected":false},"author":4,"featured_media":142171,"comment_status":"closed","ping_status":"closed","sticky":false,"template":"","format":"standard","meta":{"footnotes":""},"categories":[45],"tags":[],"class_list":{"0":"post-142170","1":"post","2":"type-post","3":"status-publish","4":"format-standard","5":"has-post-thumbnail","7":"category-locales"},"_links":{"self":[{"href":"https:\/\/revistaesperanzas.com\/web\/wp-json\/wp\/v2\/posts\/142170","targetHints":{"allow":["GET"]}}],"collection":[{"href":"https:\/\/revistaesperanzas.com\/web\/wp-json\/wp\/v2\/posts"}],"about":[{"href":"https:\/\/revistaesperanzas.com\/web\/wp-json\/wp\/v2\/types\/post"}],"author":[{"embeddable":true,"href":"https:\/\/revistaesperanzas.com\/web\/wp-json\/wp\/v2\/users\/4"}],"replies":[{"embeddable":true,"href":"https:\/\/revistaesperanzas.com\/web\/wp-json\/wp\/v2\/comments?post=142170"}],"version-history":[{"count":2,"href":"https:\/\/revistaesperanzas.com\/web\/wp-json\/wp\/v2\/posts\/142170\/revisions"}],"predecessor-version":[{"id":142174,"href":"https:\/\/revistaesperanzas.com\/web\/wp-json\/wp\/v2\/posts\/142170\/revisions\/142174"}],"wp:featuredmedia":[{"embeddable":true,"href":"https:\/\/revistaesperanzas.com\/web\/wp-json\/wp\/v2\/media\/142171"}],"wp:attachment":[{"href":"https:\/\/revistaesperanzas.com\/web\/wp-json\/wp\/v2\/media?parent=142170"}],"wp:term":[{"taxonomy":"category","embeddable":true,"href":"https:\/\/revistaesperanzas.com\/web\/wp-json\/wp\/v2\/categories?post=142170"},{"taxonomy":"post_tag","embeddable":true,"href":"https:\/\/revistaesperanzas.com\/web\/wp-json\/wp\/v2\/tags?post=142170"}],"curies":[{"name":"wp","href":"https:\/\/api.w.org\/{rel}","templated":true}]}}