{"id":142175,"date":"2026-01-10T20:40:00","date_gmt":"2026-01-10T23:40:00","guid":{"rendered":"https:\/\/revistaesperanzas.com\/web\/?p=142175"},"modified":"2026-01-10T20:40:00","modified_gmt":"2026-01-10T23:40:00","slug":"de-la-ciudad-cordial-a-la-ciudad-de-los-socavones","status":"publish","type":"post","link":"https:\/\/revistaesperanzas.com\/web\/2026\/01\/de-la-ciudad-cordial-a-la-ciudad-de-los-socavones\/","title":{"rendered":"DE LA CIUDAD CORDIAL, A LA CIUDAD DE LOS SOCAVONES"},"content":{"rendered":"<p class=\"x_ydp8f5e55cdyiv0600224056ydp176076cbyiv7074143246ydp12cedf53MsoNormal\"><span lang=\"ES\">*Estas reflexiones tienen m\u00e1s de una d\u00e9cada.<\/span><\/p>\n<p class=\"x_ydp8f5e55cdyiv0600224056ydp176076cbyiv7074143246ydp12cedf53MsoNormal\"><span lang=\"ES\">Desde anta\u00f1o, se conoce a esta capital, como \u201cLa Ciudad Cordial\u201d, como distintivo caracter\u00edstico y motivo de orgullo ciudadano. Lamentablemente este blas\u00f3n ha ido perdiendo su galanura, en m\u00e9rito a errores cometidos, falta de previsi\u00f3n y por la ausencia de una gesti\u00f3n ambiental racional, de larga data.<\/span><\/p>\n<p class=\"x_ydp8f5e55cdyiv0600224056ydp176076cbyiv7074143246ydp12cedf53MsoNormal\"><span lang=\"ES\">La d\u00e9cada neoliberal del 90, y su inercia nefasta, mut\u00f3 las reglas del planeamiento urbano, desertando el Estado municipal de una funci\u00f3n indelegable, sentando las bases de previsibles desastres futuros, que ojal\u00e1 no ocurran, y den por tierra con mis apreciaciones pesimistas, en beneficio de todos.<\/span><\/p>\n<p class=\"x_ydp8f5e55cdyiv0600224056ydp176076cbyiv7074143246ydp12cedf53MsoNormal\"><span lang=\"ES\">El informe \u201cGeo Argentina 2004&#8243;, dec\u00eda: &#8220;La gesti\u00f3n urban\u00edstica de nuestras ciudades sufri\u00f3 dificultades derivadas de la casi inexistente planificaci\u00f3n de mediano y largo plazo y del recorte de las funciones estatales&#8221;. Las normas urbanas terminaron por aplicarse solo a la clase media ya que &#8220;El mercado sol\u00eda eludir o manipular el control normativo en la producci\u00f3n de h\u00e1bitat para los sectores socioecon\u00f3micos altos, en tanto los sectores bajos no pod\u00edan cumplimentarlo por su incapacidad econ\u00f3mica&#8221;; resultando &#8220;baja calidad ambiental de grandes sectores urbanos&#8221; y &#8220;la inexistencia o m\u00ednima provisi\u00f3n de servicios&#8221;. Cualquier similitud con lo que ocurre en Santa Fe, es pura coincidencia.<\/span><\/p>\n<p class=\"x_ydp8f5e55cdyiv0600224056ydp176076cbyiv7074143246ydp12cedf53MsoNormal\"><span lang=\"ES\">No se puede desconocer que en la ciudad se est\u00e9n produciendo hechos preocupantes y cada vez m\u00e1s reiterativos, cuyas causas deber\u00e1n determinar con precisi\u00f3n los especialistas de la ciencia competente. Pero, mientras aguardamos esos dict\u00e1menes, expreso algunas sospechas sobre el origen de aquellos impactan negativamente.<\/span><\/p>\n<p class=\"x_ydp8f5e55cdyiv0600224056ydp176076cbyiv7074143246ydp12cedf53MsoNormal\"><span lang=\"ES\">Se puede afirmar que la ciudad fue construida sobre terrenos bajos, inundables y una gran parte de ellos ganados al r\u00edo por rellenos, en la confluencia del Salado con los humedales del Paran\u00e1.<\/span><\/p>\n<p class=\"x_ydp8f5e55cdyiv0600224056ydp176076cbyiv7074143246ydp12cedf53MsoNormal\"><span lang=\"ES\">En suelos inestables, con napas y acu\u00edferos casi superficiales, se desarroll\u00f3 en m\u00e1s de 400 a\u00f1os una ciudad de casas mayoritariamente chatas, que se mantuvo, salvo excepciones, inalterable hasta hace poco, en que la especulaci\u00f3n inmobiliaria consolida la hegemon\u00eda de la rentabilidad y desde all\u00ed, los edificios en altura surgen como hongos despu\u00e9s de la lluvia, sin evaluaci\u00f3n de impacto ambiental (EIA) previa e integral, que mensurara las consecuencias indeseables que ello podr\u00eda acarrear a la ciudad.<\/span><\/p>\n<p class=\"x_ydp8f5e55cdyiv0600224056ydp176076cbyiv7074143246ydp12cedf53MsoNormal\"><span lang=\"ES\">La falta de previsi\u00f3n y prevenci\u00f3n, el aumento de la densidad poblacional en el microcentro, el deterioro de servicios sanitarios, con pron\u00f3stico de agravamiento y el nulo manejo de las cuencas subterr\u00e1neas llevaron a la aparici\u00f3n, en forma reiterada, de cantidad de socavones de magnitud y dimensiones crecientes, que trastocan el paisaje vial urbano, agravando el ya desmadrado tr\u00e1nsito local.<\/span><\/p>\n<p class=\"x_ydp8f5e55cdyiv0600224056ydp176076cbyiv7074143246ydp12cedf53MsoNormal\"><span lang=\"ES\">Esos servicios, con redes de d\u00e9cadas de antig\u00fcedad, m\u00e1s all\u00e1 de los mantenimientos y reparaciones, presentan falencias y por la demanda creciente y la mayor presi\u00f3n de bombeo, traen como l\u00f3gica consecuencia, roturas de ca\u00f1os, con p\u00e9rdidas de l\u00edquidos y hundimiento de suelos.<\/span><\/p>\n<p class=\"x_ydp8f5e55cdyiv0600224056ydp176076cbyiv7074143246ydp12cedf53MsoNormal\"><span lang=\"ES\">El Arq. Osvaldo Guerrica Echevarr\u00eda, dec\u00eda: \u201cLas fundaciones de los edificios en altura implican excavaciones de varios metros de profundidad que sobrepasan largamente las dos primeras napas de agua. Es a trav\u00e9s de estas napas que los terrenos a\u00fan absorbentes acumulan agua y la env\u00edan al estuario. La red de bases de hormig\u00f3n construidas, constituyen un verdadero dique a la evacuaci\u00f3n del agua, retrasando y muchas veces impidiendo el escurrimiento\u201d.<\/span><\/p>\n<p class=\"x_ydp8f5e55cdyiv0600224056ydp176076cbyiv7074143246ydp12cedf53MsoNormal\"><span lang=\"ES\">Posiblemente estos diques subterr\u00e1neos, desv\u00eden los acu\u00edferos hacia nuevos cauces que corran contiguo a ductos y ca\u00f1er\u00edas, produciendo su descalce y los consecuentes socavones, que pagaremos todos, por el dejar hacer, dejar pasar, en materia urban\u00edstica.<\/span><\/p>\n<p class=\"x_ydp8f5e55cdyiv0600224056ydp176076cbyiv7074143246ydp12cedf53MsoNormal\"><span lang=\"ES\">Pese a la vigencia de la Ley Nacional N\u00b0 25675, que dispone: Cumplir una gesti\u00f3n sustentable y adecuada de preservaci\u00f3n, conservaci\u00f3n y recuperaci\u00f3n del ambiente. Previniendo efectos nocivos o peligrosos de actividades antr\u00f3picas. Estableciendo mecanismos adecuados para la minimizaci\u00f3n de riesgos y\u00a0\u00a0emergencias ambientales y\u00a0\u00a0la recomposici\u00f3n de da\u00f1os. Y que toda obra o actividad susceptible de degradar el ambiente estar\u00e1 sujeta a un procedimiento de evaluaci\u00f3n de impacto ambiental previo, que deber\u00e1n ser autorizados o rechazados por las autoridades. Las calamidades ocurren.<\/span><\/p>\n<p class=\"x_ydp8f5e55cdyiv0600224056ydp176076cbyiv7074143246ydp12cedf53MsoNormal\"><span lang=\"ES\">Es evidente que poco de lo prescripto se ha cumplido, menos la obligaci\u00f3n de informar ambientalmente a la comunidad mediante audiencias p\u00fablicas como instancias &#8220;obligatorias&#8221; para la autorizaci\u00f3n de actividades que puedan generar efectos negativos y significativos sobre el ambiente.<\/span><\/p>\n<p class=\"x_ydp8f5e55cdyiv0600224056ydp176076cbyiv7074143246ydp12cedf53MsoNormal\"><span lang=\"ES\">Espero que se tomen las previsiones del caso, que eviten tener que llorar sobre la leche derramada, en este caso el agua.<\/span><\/p>\n<p>NOTA: Ricardo Mascheroni<\/p>\n","protected":false},"excerpt":{"rendered":"<p>*Estas reflexiones tienen m\u00e1s de una d\u00e9cada. Desde anta\u00f1o, se conoce a esta capital, como \u201cLa Ciudad Cordial\u201d, como distintivo caracter\u00edstico y motivo de orgullo ciudadano. Lamentablemente este blas\u00f3n ha ido perdiendo su galanura, en m\u00e9rito a errores cometidos, falta de previsi\u00f3n y por la ausencia de una gesti\u00f3n ambiental racional, de larga data. La [&hellip;]<\/p>\n","protected":false},"author":4,"featured_media":142176,"comment_status":"closed","ping_status":"closed","sticky":false,"template":"","format":"standard","meta":{"footnotes":""},"categories":[43],"tags":[],"class_list":{"0":"post-142175","1":"post","2":"type-post","3":"status-publish","4":"format-standard","5":"has-post-thumbnail","7":"category-destacado"},"_links":{"self":[{"href":"https:\/\/revistaesperanzas.com\/web\/wp-json\/wp\/v2\/posts\/142175","targetHints":{"allow":["GET"]}}],"collection":[{"href":"https:\/\/revistaesperanzas.com\/web\/wp-json\/wp\/v2\/posts"}],"about":[{"href":"https:\/\/revistaesperanzas.com\/web\/wp-json\/wp\/v2\/types\/post"}],"author":[{"embeddable":true,"href":"https:\/\/revistaesperanzas.com\/web\/wp-json\/wp\/v2\/users\/4"}],"replies":[{"embeddable":true,"href":"https:\/\/revistaesperanzas.com\/web\/wp-json\/wp\/v2\/comments?post=142175"}],"version-history":[{"count":1,"href":"https:\/\/revistaesperanzas.com\/web\/wp-json\/wp\/v2\/posts\/142175\/revisions"}],"predecessor-version":[{"id":142177,"href":"https:\/\/revistaesperanzas.com\/web\/wp-json\/wp\/v2\/posts\/142175\/revisions\/142177"}],"wp:featuredmedia":[{"embeddable":true,"href":"https:\/\/revistaesperanzas.com\/web\/wp-json\/wp\/v2\/media\/142176"}],"wp:attachment":[{"href":"https:\/\/revistaesperanzas.com\/web\/wp-json\/wp\/v2\/media?parent=142175"}],"wp:term":[{"taxonomy":"category","embeddable":true,"href":"https:\/\/revistaesperanzas.com\/web\/wp-json\/wp\/v2\/categories?post=142175"},{"taxonomy":"post_tag","embeddable":true,"href":"https:\/\/revistaesperanzas.com\/web\/wp-json\/wp\/v2\/tags?post=142175"}],"curies":[{"name":"wp","href":"https:\/\/api.w.org\/{rel}","templated":true}]}}