{"id":142179,"date":"2026-01-11T11:59:16","date_gmt":"2026-01-11T14:59:16","guid":{"rendered":"https:\/\/revistaesperanzas.com\/web\/?p=142179"},"modified":"2026-01-11T12:11:12","modified_gmt":"2026-01-11T15:11:12","slug":"chocan-una-motocicleta-con-un-equino-quedan-un-muerto-y-dos-heridos","status":"publish","type":"post","link":"https:\/\/revistaesperanzas.com\/web\/2026\/01\/chocan-una-motocicleta-con-un-equino-quedan-un-muerto-y-dos-heridos\/","title":{"rendered":"CHOCAN UNA MOTOCICLETA CON UN EQUINO, QUEDAN UN MUERTO Y DOS HERIDOS"},"content":{"rendered":"<p>ESQUINA\u00a0 &#8211;\u00a0 Siniestro vial con consecuencia fatal, un joven perdi\u00f3 la vida, y otro result\u00f3 con graves lesiones (Informaci\u00f3n inicial)<\/p>\n<p>En la noche de ayer 10-01-26, efectivos policiales de la Comisaria de Distrito Primera de Esquina, habr\u00edan tomado conocimiento de un siniestro vial ocurrido en inmediaciones de una calle vecinal de tierra, ubicada en la 4ta. Secci\u00f3n Malvinas de la citada localidad, donde a consecuencia del mismo, un joven perdi\u00f3 la vida y un segundo result\u00f3 con lesiones graves.<\/p>\n<p>Seg\u00fan la primera informaci\u00f3n preliminar obtenida, el siniestro se habr\u00eda registrado cerca de las 22:00horas, donde por causas y circunstancias que se investigan, habr\u00edan colisionado una motocicleta \u2013 marca Motomel Skua 150cc.- en la cual se desplazaban dos j\u00f3venes, el conductor de 19 a\u00f1os de edad y el acompa\u00f1ante de 17 a\u00f1os, y un jinete -un joven de 25 a\u00f1os-, a bordo de un animal equino, a consecuencia del mismo, perdi\u00f3 la vida en el lugar el conductor del rodado, en tanto, que los dem\u00e1s fueron auxiliados y trasladados al hospital local, donde determinaron que el menor de edad, result\u00f3 con lesiones de car\u00e1cter grave y el jinete con lesiones de menor consideraci\u00f3n.<\/p>\n<p>Con la intervenci\u00f3n de la unidad fiscal en turno, en el lugar se realizaron las diligencias correspondientes y en la citada dependencia, se continuaron con los tramites al respecto.<\/p>\n","protected":false},"excerpt":{"rendered":"<p>ESQUINA\u00a0 &#8211;\u00a0 Siniestro vial con consecuencia fatal, un joven perdi\u00f3 la vida, y otro result\u00f3 con graves lesiones (Informaci\u00f3n inicial) En la noche de ayer 10-01-26, efectivos policiales de la Comisaria de Distrito Primera de Esquina, habr\u00edan tomado conocimiento de un siniestro vial ocurrido en inmediaciones de una calle vecinal de tierra, ubicada en la [&hellip;]<\/p>\n","protected":false},"author":4,"featured_media":142180,"comment_status":"closed","ping_status":"closed","sticky":false,"template":"","format":"standard","meta":{"footnotes":""},"categories":[58],"tags":[],"class_list":{"0":"post-142179","1":"post","2":"type-post","3":"status-publish","4":"format-standard","5":"has-post-thumbnail","7":"category-corrientes"},"_links":{"self":[{"href":"https:\/\/revistaesperanzas.com\/web\/wp-json\/wp\/v2\/posts\/142179","targetHints":{"allow":["GET"]}}],"collection":[{"href":"https:\/\/revistaesperanzas.com\/web\/wp-json\/wp\/v2\/posts"}],"about":[{"href":"https:\/\/revistaesperanzas.com\/web\/wp-json\/wp\/v2\/types\/post"}],"author":[{"embeddable":true,"href":"https:\/\/revistaesperanzas.com\/web\/wp-json\/wp\/v2\/users\/4"}],"replies":[{"embeddable":true,"href":"https:\/\/revistaesperanzas.com\/web\/wp-json\/wp\/v2\/comments?post=142179"}],"version-history":[{"count":1,"href":"https:\/\/revistaesperanzas.com\/web\/wp-json\/wp\/v2\/posts\/142179\/revisions"}],"predecessor-version":[{"id":142181,"href":"https:\/\/revistaesperanzas.com\/web\/wp-json\/wp\/v2\/posts\/142179\/revisions\/142181"}],"wp:featuredmedia":[{"embeddable":true,"href":"https:\/\/revistaesperanzas.com\/web\/wp-json\/wp\/v2\/media\/142180"}],"wp:attachment":[{"href":"https:\/\/revistaesperanzas.com\/web\/wp-json\/wp\/v2\/media?parent=142179"}],"wp:term":[{"taxonomy":"category","embeddable":true,"href":"https:\/\/revistaesperanzas.com\/web\/wp-json\/wp\/v2\/categories?post=142179"},{"taxonomy":"post_tag","embeddable":true,"href":"https:\/\/revistaesperanzas.com\/web\/wp-json\/wp\/v2\/tags?post=142179"}],"curies":[{"name":"wp","href":"https:\/\/api.w.org\/{rel}","templated":true}]}}