{"id":142185,"date":"2026-01-11T14:12:00","date_gmt":"2026-01-11T17:12:00","guid":{"rendered":"https:\/\/revistaesperanzas.com\/web\/?p=142185"},"modified":"2026-01-11T14:12:00","modified_gmt":"2026-01-11T17:12:00","slug":"un-frac-un-habano-y-el-libreto-de-siempre-a-30-anos-de-la-muerte-de-tato-bores-el-humorista-que-explico-la-argentina-mejor-que-nadie","status":"publish","type":"post","link":"https:\/\/revistaesperanzas.com\/web\/2026\/01\/un-frac-un-habano-y-el-libreto-de-siempre-a-30-anos-de-la-muerte-de-tato-bores-el-humorista-que-explico-la-argentina-mejor-que-nadie\/","title":{"rendered":"UN FRAC, UN HABANO Y EL LIBRETO DE SIEMPRE: A 30 A\u00d1OS DE LA MUERTE DE TATO BORES, EL HUMORISTA QUE EXPLIC\u00d3 LA ARGENTINA MEJOR QUE NADIE"},"content":{"rendered":"<header class=\"article-header-wrapper\">\n<div class=\"article-header with-follow-button-ctn\">\n<p class=\"article-subheadline text_align_left\"><span style=\"font-size: 14pt;\"><em><strong>Por: <a class=\"author-name\" href=\"https:\/\/www.infobae.com\/autor\/nancy-dure\/\" aria-label=\"Nancy  Dur\u00e9\">Nancy Dur\u00e9<\/a>\u00a0 &#8211;\u00a0 Sus mon\u00f3logos sobre el d\u00f3lar, la inflaci\u00f3n, la corrupci\u00f3n y la pol\u00edtica nunca perdieron vigencia. Con una velocidad verbal, que explic\u00f3 a qu\u00e9 se atribu\u00eda, Mauricio Borensztein dijo en broma lo que muchos no se animaban a decir en serio. Muri\u00f3 el 11 de enero de 1996, a los 70 a\u00f1os<\/strong><\/em><\/span><\/p>\n<\/div>\n<\/header>\n<article class=\"article\">\n<div class=\"body-article \">\n<div class=\"visual__image image-initial-width\"><picture><source srcset=\"https:\/\/www.infobae.com\/resizer\/v2\/RJLLCSMVKVGG7NPGLHGFNVRRIQ.jpg?auth=6664dc23d6fa6bfbe70e9ff17b3722b627df05b2d7f9c62d2c75ba3b6b80a272&amp;smart=true&amp;width=992&amp;height=557&amp;quality=85\" media=\"(min-width: 1000px)\" \/><source srcset=\"https:\/\/www.infobae.com\/resizer\/v2\/RJLLCSMVKVGG7NPGLHGFNVRRIQ.jpg?auth=6664dc23d6fa6bfbe70e9ff17b3722b627df05b2d7f9c62d2c75ba3b6b80a272&amp;smart=true&amp;width=768&amp;height=432&amp;quality=85\" media=\"(min-width: 768px)\" \/><source srcset=\"https:\/\/www.infobae.com\/resizer\/v2\/RJLLCSMVKVGG7NPGLHGFNVRRIQ.jpg?auth=6664dc23d6fa6bfbe70e9ff17b3722b627df05b2d7f9c62d2c75ba3b6b80a272&amp;smart=true&amp;width=577&amp;height=324&amp;quality=85\" media=\"(min-width: 580px)\" \/><source srcset=\"https:\/\/www.infobae.com\/resizer\/v2\/RJLLCSMVKVGG7NPGLHGFNVRRIQ.jpg?auth=6664dc23d6fa6bfbe70e9ff17b3722b627df05b2d7f9c62d2c75ba3b6b80a272&amp;smart=true&amp;width=420&amp;height=236&amp;quality=85\" media=\"(min-width: 350px)\" \/><source srcset=\"https:\/\/www.infobae.com\/resizer\/v2\/RJLLCSMVKVGG7NPGLHGFNVRRIQ.jpg?auth=6664dc23d6fa6bfbe70e9ff17b3722b627df05b2d7f9c62d2c75ba3b6b80a272&amp;smart=true&amp;width=350&amp;height=197&amp;quality=85\" media=\"(min-width: 80px)\" \/><img loading=\"lazy\" decoding=\"async\" class=\"global-image\" src=\"https:\/\/www.infobae.com\/resizer\/v2\/RJLLCSMVKVGG7NPGLHGFNVRRIQ.jpg?auth=6664dc23d6fa6bfbe70e9ff17b3722b627df05b2d7f9c62d2c75ba3b6b80a272&amp;smart=true&amp;width=350&amp;height=197&amp;quality=85\" alt=\"Tato Bores\" width=\"1920\" height=\"1079\" \/><\/picture>Tato Bores<\/div>\n<p class=\"paragraph\" data-mrf-recirculation=\"Links inline\">Sus mon\u00f3logos no pierden vigencia. El d\u00f3lar, la corrupci\u00f3n, la inflaci\u00f3n, los pol\u00edticos&#8230; Hace ya 30 a\u00f1os que\u00a0<a title=\"https:\/\/www.infobae.com\/tag\/tato-bores\/\" href=\"https:\/\/www.infobae.com\/tag\/tato-bores\/\" target=\"_blank\" rel=\"noopener noreferrer\" data-mrf-link=\"https:\/\/www.infobae.com\/tag\/tato-bores\/\"><b>Tato Bores<\/b><\/a>\u00a0no est\u00e1 en este plano. Y, sin embargo, salvo por algunos detalles como el tel\u00e9fono de l\u00ednea con el cable rulo, es dif\u00edcil saber de qu\u00e9 etapa de la historia argentina est\u00e1 hablando en sus soliloquios. O si est\u00e1 haciendo referencia a la \u00e9poca actual.<\/p>\n<p class=\"paragraph\" data-mrf-recirculation=\"Links inline\">\u201c<b>Desde que era chiquitito que vengo escuchando que hay que sacrificarse en aras del futuro. El lema nacional siempre ha sido: \u2018J\u00f3danse hoy para disfrutar ma\u00f1ana\u2019. Y uno pone el hombro, pero el futuro por definici\u00f3n se pianta y uno jam\u00e1s lo puede alcanzar<\/b>\u201d, dec\u00eda a fines de los \u201880. Para muchos, \u00e9l fue el gran analista pol\u00edtico y econ\u00f3mico del pa\u00eds. Pero \u00e9l prefer\u00eda definirse, simplemente, como un \u201cartista c\u00f3mico\u201d.<\/p>\n<div class=\"inline ad-wrapper\">\n<div class=\"dfpAd ad-inline\">\n<div id=\"infobae\/sociedad\/personajes\/nota\/inline\" class=\"infobae\/sociedad\/personajes\/nota\/inline arcad\" data-google-query-id=\"CKywoK_8g5IDFU2LYQYdoakLyw\">\n<div id=\"google_ads_iframe_\/1058609\/infobae\/sociedad\/personajes\/nota\/inline_0__container__\">Su nombre real era <b>Mauricio Borensztein.\u00a0<\/b>Hab\u00eda nacido el 27 de abril de 1927 en Buenos Aires y se crio en el seno de una familia jud\u00eda de bajos recursos. Era muy inteligente, pero no le gustaba el estudio as\u00ed que nunca termin\u00f3 el colegio secundario. Dec\u00eda que lo hab\u00edan echado por \u201cburro\u201d, aunque la realidad es que hab\u00eda quedado libre por<b>\u00a0inasistencias<\/b>. Y, como en aquellos tiempos el mandato indicaba que eran \u201clos libros o el trabajo\u201d, siendo un adolescente empez\u00f3 a ganarse el mango como plomo (persona encargada de las tareas pesadas y de log\u00edstica) en la orquesta de<b>\u00a0Luis Rolero\u00a0<\/b>y<b>\u00a0Ren\u00e9 C\u00f3spito<\/b>. El resto, fue obra del destino.<\/div>\n<div><\/div>\n<\/div>\n<\/div>\n<\/div>\n<p class=\"paragraph\" data-mrf-recirculation=\"Links inline\">Uno de los m\u00fasicos, llamado<b>\u00a0Santos Lipesker<\/b>, hab\u00eda anunciado su casamiento y sus compa\u00f1eros decidieron hacerle la cl\u00e1sica despedida de soltero. En medio de la celebraci\u00f3n, el joven se anim\u00f3 a subirse al escenario del local en donde estaban tomando unos tragos para contar unos chistes. Y dio la casualidad que entre los presentes se encontraba<b>\u00a0Pepe Iglesias, El Zorro<\/b>, quien r\u00e1pido de reflejos lo convoc\u00f3 para que se sumara a su programa de Radio Splendid.<\/p>\n<div class=\"visual__image\"><picture><source srcset=\"https:\/\/www.infobae.com\/resizer\/v2\/4TAMQAASKJCJVJGD7QNYY22C3M.jpg?auth=2eb911898e9934b87f374c648501b219d816d40bd375fb9b5ba19901184ef8da&amp;smart=true&amp;width=992&amp;height=727&amp;quality=85\" media=\"(min-width: 1000px)\" \/><source srcset=\"https:\/\/www.infobae.com\/resizer\/v2\/4TAMQAASKJCJVJGD7QNYY22C3M.jpg?auth=2eb911898e9934b87f374c648501b219d816d40bd375fb9b5ba19901184ef8da&amp;smart=true&amp;width=768&amp;height=563&amp;quality=85\" media=\"(min-width: 768px)\" \/><source srcset=\"https:\/\/www.infobae.com\/resizer\/v2\/4TAMQAASKJCJVJGD7QNYY22C3M.jpg?auth=2eb911898e9934b87f374c648501b219d816d40bd375fb9b5ba19901184ef8da&amp;smart=true&amp;width=577&amp;height=423&amp;quality=85\" media=\"(min-width: 580px)\" \/><source srcset=\"https:\/\/www.infobae.com\/resizer\/v2\/4TAMQAASKJCJVJGD7QNYY22C3M.jpg?auth=2eb911898e9934b87f374c648501b219d816d40bd375fb9b5ba19901184ef8da&amp;smart=true&amp;width=420&amp;height=308&amp;quality=85\" media=\"(min-width: 350px)\" \/><source srcset=\"https:\/\/www.infobae.com\/resizer\/v2\/4TAMQAASKJCJVJGD7QNYY22C3M.jpg?auth=2eb911898e9934b87f374c648501b219d816d40bd375fb9b5ba19901184ef8da&amp;smart=true&amp;width=350&amp;height=257&amp;quality=85\" media=\"(min-width: 80px)\" \/><img loading=\"lazy\" decoding=\"async\" class=\"global-image\" src=\"https:\/\/www.infobae.com\/resizer\/v2\/4TAMQAASKJCJVJGD7QNYY22C3M.jpg?auth=2eb911898e9934b87f374c648501b219d816d40bd375fb9b5ba19901184ef8da&amp;smart=true&amp;width=350&amp;height=257&amp;quality=85\" alt=\"El artista junto a su\" width=\"1920\" height=\"1408\" \/><\/picture>El artista junto a su esposa y sus tres hijos<\/div>\n<div class=\"inline_2_DSK ad-wrapper ad-desktop\">\n<div class=\"dfpAd ad-inline\"><\/div>\n<\/div>\n<p class=\"paragraph\" data-mrf-recirculation=\"Links inline\">Fue el guionista de la emisora,\u00a0<b>Julio Porter<\/b>, quien decidi\u00f3 rebautizarlo. Por aquellos a\u00f1os era normal que los artistas utilizaran pseud\u00f3nimos. M\u00e1xime, cuando sus nombres no eran lo suficientemente pegadizos o f\u00e1ciles de pronunciar. De manera que, desde entonces,<b>\u00a0pas\u00f3 a ser Tato<\/b>. Tato Bores. As\u00ed de simple, as\u00ed de corto y as\u00ed de impactante. Y comenz\u00f3 a desarrollar una carrera en radio, cine, teatro y televisi\u00f3n, medio en el que se convirti\u00f3 en una estrella en poco tiempo.<\/p>\n<p class=\"paragraph\" data-mrf-recirculation=\"Links inline\">Pero claro, se presupon\u00eda que un hombre que se dedicaba al espect\u00e1culo no estaba en condiciones de hacerse cargo de una familia. Por eso, cuando pidi\u00f3 la mano de\u00a0<b>Berta Szpindler<\/b>, el padre de la muchacha le advirti\u00f3 que deber\u00eda buscarse \u201cun trabajo digno\u201d. Tato se cas\u00f3 con la muchacha el 12 de mayo de 1954, la llev\u00f3 de luna de miel a La Falda, C\u00f3rdoba, y luego se instal\u00f3 con ella en un departamento de la Capital Federal ubicado en Juncal y Rodr\u00edguez Pe\u00f1a, que le hab\u00eda prestado una amiga. A ella su familia le dio la espalda por elegirlo. Pero \u00e9l nunca cambi\u00f3 de rubro. Ni necesit\u00f3 buscar ning\u00fan rebusque extra como para poder mantener a su esposa y a sus hijos,\u00a0<b>Alejandro, Sebasti\u00e1n\u00a0<\/b>y\u00a0<b>Marina<\/b>.<\/p>\n<p class=\"paragraph\" data-mrf-recirculation=\"Links inline\">Para entonces, ya hab\u00eda empezado a demostrar su talento como monologuista desde 1956. Pero fue en 1957, cuando debut\u00f3 con el ciclo\u00a0<b>Caras y morisquetas\u00a0<\/b>que contaba con libretos de\u00a0<b>Landr\u00fa<\/b>, donde por primera vez se mostr\u00f3 con el cl\u00e1sico frac, la peluca despeinada y el habano, accesorios con los que el p\u00fablico lo sigue identificando hasta el d\u00eda de hoy.\u00a0<i>Tato, siempre en domingo, D\u00edgale s\u00ed a Tato, D\u00e9le cr\u00e9dito a Tato, Tato por ciento, Tato diet, Tato, que bien se tv<\/i>&#8230;fueron algunos de los nombres que fue teniendo el programa a lo largo de los a\u00f1os. Se despidi\u00f3 en 1993, con<i><b>\u00a0<\/b><\/i><i>Good Show<\/i><b>,\u00a0<\/b>por Telefe. Y nunca se qued\u00f3 sin tema de qu\u00e9 hablar.<\/p>\n<p class=\"paragraph\" data-mrf-recirculation=\"Links inline\">Entre otros, han colaborado en los guiones de Bores escritores como C\u00e9sar Bruto, Jord\u00e1n de la Cazuela, Aldo Cammarotta, Juan Carlos Meza, Jorge Guinzburg, Carlos Abrevaya, Santiago Varela y sus propios hijos. Pero la realidad es que solo \u00e9l pod\u00eda recitarlos con esa gracia y con esa intensidad. \u00bfPor qu\u00e9 hablaba tan r\u00e1pido? \u00c9l dec\u00eda que era porque le daba verg\u00fcenza estar frente al p\u00fablico.\u00a0<b>\u201cTengo el miedo de torero: quiero terminar la faena r\u00e1pido. El torero que le tiene miedo al toro hace r\u00e1pido todas las morisquetas que el p\u00fablico espera para matar al toro e irse\u201d<\/b>, explicaba.<\/p>\n<div class=\"visual__image\"><picture><source srcset=\"https:\/\/www.infobae.com\/resizer\/v2\/23O2BGDYWBEUPEONQTVASR6VPA.jpg?auth=5e85a7666f1baf01fa3bbef0fd9ac55a48a1d9476848d1cee6585ce3536f43e0&amp;smart=true&amp;width=992&amp;height=654&amp;quality=85\" media=\"(min-width: 1000px)\" \/><source srcset=\"https:\/\/www.infobae.com\/resizer\/v2\/23O2BGDYWBEUPEONQTVASR6VPA.jpg?auth=5e85a7666f1baf01fa3bbef0fd9ac55a48a1d9476848d1cee6585ce3536f43e0&amp;smart=true&amp;width=768&amp;height=506&amp;quality=85\" media=\"(min-width: 768px)\" \/><source srcset=\"https:\/\/www.infobae.com\/resizer\/v2\/23O2BGDYWBEUPEONQTVASR6VPA.jpg?auth=5e85a7666f1baf01fa3bbef0fd9ac55a48a1d9476848d1cee6585ce3536f43e0&amp;smart=true&amp;width=577&amp;height=380&amp;quality=85\" media=\"(min-width: 580px)\" \/><source srcset=\"https:\/\/www.infobae.com\/resizer\/v2\/23O2BGDYWBEUPEONQTVASR6VPA.jpg?auth=5e85a7666f1baf01fa3bbef0fd9ac55a48a1d9476848d1cee6585ce3536f43e0&amp;smart=true&amp;width=420&amp;height=277&amp;quality=85\" media=\"(min-width: 350px)\" \/><source srcset=\"https:\/\/www.infobae.com\/resizer\/v2\/23O2BGDYWBEUPEONQTVASR6VPA.jpg?auth=5e85a7666f1baf01fa3bbef0fd9ac55a48a1d9476848d1cee6585ce3536f43e0&amp;smart=true&amp;width=350&amp;height=231&amp;quality=85\" media=\"(min-width: 80px)\" \/><img loading=\"lazy\" decoding=\"async\" class=\"global-image\" src=\"https:\/\/www.infobae.com\/resizer\/v2\/23O2BGDYWBEUPEONQTVASR6VPA.jpg?auth=5e85a7666f1baf01fa3bbef0fd9ac55a48a1d9476848d1cee6585ce3536f43e0&amp;smart=true&amp;width=350&amp;height=231&amp;quality=85\" alt=\"Tato recibiendo la visita de\" width=\"1920\" height=\"1265\" \/><\/picture>Tato recibiendo la visita de Mirtha Legrand<\/div>\n<p class=\"paragraph\" data-mrf-recirculation=\"Links inline\">Por el mismo motivo, una suerte de p\u00e1nico esc\u00e9nico, Tato<b>\u00a0jam\u00e1s improvisaba<\/b>. Ten\u00eda la capacidad de\u00a0<b>memorizar\u00a0<\/b>cada una de las palabras y repetirlas, sin furcios, el d\u00eda de la grabaci\u00f3n. Pero para eso estudiaba toda la semana. Los textos le llegaban en moto a su casa los d\u00edas lunes, en sobres con seis carillas y un total de 10.000 caracteres. Y los viernes, \u00e9l estaba listo para decirlos frente a la c\u00e1mara tal como hab\u00edan sido escritos, sin una coma de menos ni una letra de m\u00e1s.<\/p>\n<p class=\"paragraph\" data-mrf-recirculation=\"Links inline\">Adem\u00e1s de los patines de cuatro ruedas con los que entraba al estudio, algo ins\u00f3lito en la televisi\u00f3n, los musicales y los supuestos llamados a los presidentes y funcionarios de turno, estaban los cl\u00e1sicos tallarines con los que Tato cerraba cada programa. Figuras de la talla de\u00a0<b>Susana Gim\u00e9nez\u00a0<\/b>y\u00a0<b>Mirtha Legrand,<\/b>\u00a0as\u00ed como casi todos los funcionarios de turno, han aceptado el convite de Bores para sentarse a su mesa. Porque estaba claro que, adem\u00e1s de un grande del espect\u00e1culo, era un formador de opini\u00f3n \u00fanico.<\/p>\n<p class=\"paragraph\" data-mrf-recirculation=\"Links inline\">\u00c9l dec\u00eda, con humor, lo que muchos no se animaban a decir en serio. Aseguraba que en el pa\u00eds hab\u00eda que estar siempre listo por si le tocaba un cargo, teniendo en cuenta los incesantes cambios de gobiernos y ministros. Por eso se vest\u00eda de gala. Y no ten\u00eda miedo, aunque en m\u00e1s de una oportunidad le toc\u00f3 experimentar en carne propia lo que era la censura.\u00a0<b>\u201cPor eso, mis queridos orejones del tarro, a seguir laburando, la neurona atenta, vermouth con papas fritas\u2026 y \u00a1Good Show!\u201d<\/b>, era el remate con el que cerraba su descarnada cr\u00edtica.<\/p>\n<p class=\"paragraph\" data-mrf-recirculation=\"Links inline\"><b>Tato muri\u00f3 el 11 de enero de 1996, a los 70 a\u00f1os<\/b>, luego de una larga lucha contra el c\u00e1ncer. Tiempo despu\u00e9s, El Trece emiti\u00f3 un especial llamado\u00a0<b>La Argentina de Tato<\/b>, en el que hizo una recopilaci\u00f3n de sus mejores mon\u00f3logos. \u201c<b>No me enorgullece que los textos todav\u00eda sirvan. Habla de lo mal que estamos nosotros porque estamos repitiendo las cosas. Lo que m\u00e1s siento es que se repiten las mismas situaciones y a veces hasta casi con la misma gente<\/b>\u201d, hab\u00eda dicho Bores en una de sus \u00faltimas entrevistas. Pero la realidad lo exced\u00eda. Y lo sigue excediendo.<\/p>\n<p data-mrf-recirculation=\"Links inline\">www.infobae.com<\/p>\n<\/div>\n<\/article>\n","protected":false},"excerpt":{"rendered":"<p>Por: Nancy Dur\u00e9\u00a0 &#8211;\u00a0 Sus mon\u00f3logos sobre el d\u00f3lar, la inflaci\u00f3n, la corrupci\u00f3n y la pol\u00edtica nunca perdieron vigencia. Con una velocidad verbal, que explic\u00f3 a qu\u00e9 se atribu\u00eda, Mauricio Borensztein dijo en broma lo que muchos no se animaban a decir en serio. Muri\u00f3 el 11 de enero de 1996, a los 70 a\u00f1os [&hellip;]<\/p>\n","protected":false},"author":4,"featured_media":142186,"comment_status":"closed","ping_status":"closed","sticky":false,"template":"","format":"standard","meta":{"footnotes":""},"categories":[4],"tags":[],"class_list":{"0":"post-142185","1":"post","2":"type-post","3":"status-publish","4":"format-standard","5":"has-post-thumbnail","7":"category-nacionales"},"_links":{"self":[{"href":"https:\/\/revistaesperanzas.com\/web\/wp-json\/wp\/v2\/posts\/142185","targetHints":{"allow":["GET"]}}],"collection":[{"href":"https:\/\/revistaesperanzas.com\/web\/wp-json\/wp\/v2\/posts"}],"about":[{"href":"https:\/\/revistaesperanzas.com\/web\/wp-json\/wp\/v2\/types\/post"}],"author":[{"embeddable":true,"href":"https:\/\/revistaesperanzas.com\/web\/wp-json\/wp\/v2\/users\/4"}],"replies":[{"embeddable":true,"href":"https:\/\/revistaesperanzas.com\/web\/wp-json\/wp\/v2\/comments?post=142185"}],"version-history":[{"count":1,"href":"https:\/\/revistaesperanzas.com\/web\/wp-json\/wp\/v2\/posts\/142185\/revisions"}],"predecessor-version":[{"id":142187,"href":"https:\/\/revistaesperanzas.com\/web\/wp-json\/wp\/v2\/posts\/142185\/revisions\/142187"}],"wp:featuredmedia":[{"embeddable":true,"href":"https:\/\/revistaesperanzas.com\/web\/wp-json\/wp\/v2\/media\/142186"}],"wp:attachment":[{"href":"https:\/\/revistaesperanzas.com\/web\/wp-json\/wp\/v2\/media?parent=142185"}],"wp:term":[{"taxonomy":"category","embeddable":true,"href":"https:\/\/revistaesperanzas.com\/web\/wp-json\/wp\/v2\/categories?post=142185"},{"taxonomy":"post_tag","embeddable":true,"href":"https:\/\/revistaesperanzas.com\/web\/wp-json\/wp\/v2\/tags?post=142185"}],"curies":[{"name":"wp","href":"https:\/\/api.w.org\/{rel}","templated":true}]}}