{"id":142188,"date":"2026-01-11T14:19:33","date_gmt":"2026-01-11T17:19:33","guid":{"rendered":"https:\/\/revistaesperanzas.com\/web\/?p=142188"},"modified":"2026-01-11T14:19:33","modified_gmt":"2026-01-11T17:19:33","slug":"el-ladron-de-las-18-identidades-el-historial-criminal-del-cordobes-filmado-atacando-a-una-empleada-en-rosario","status":"publish","type":"post","link":"https:\/\/revistaesperanzas.com\/web\/2026\/01\/el-ladron-de-las-18-identidades-el-historial-criminal-del-cordobes-filmado-atacando-a-una-empleada-en-rosario\/","title":{"rendered":"EL LADR\u00d3N DE LAS 18 IDENTIDADES: EL HISTORIAL CRIMINAL DEL CORDOB\u00c9S FILMADO ATACANDO A UNA EMPLEADA EN ROSARIO"},"content":{"rendered":"<header class=\"article-header-wrapper\">\n<div class=\"article-header with-follow-button-ctn\">\n<p class=\"article-subheadline text_align_left\"><em><strong><span style=\"font-size: 14pt;\">Por: <a class=\"author-name\" href=\"https:\/\/www.infobae.com\/autor\/agustin-lago\/\" aria-label=\"Agust\u00edn Lago\">Agust\u00edn Lago<\/a>\u00a0 &#8211;\u00a0 Josu\u00e9 Alexis Urquia acumula condenas por robo en seis provincias. Desde el 1\u00ba de enero est\u00e1 detenido en C\u00f3rdoba, pero su rostro se hizo conocido por morder y golpear a una chica en una muebler\u00eda.<\/span><\/strong><\/em><\/p>\n<\/div>\n<\/header>\n<article class=\"article\">\n<div class=\"sharebar-container display_flex\">\n<div class=\"sharebar-buttons-container display_flex\">\n<div class=\"sharebar-buttons-separator\">https:\/\/www.youtube.com\/shorts\/1WGxDD16g8U<\/div>\n<\/div>\n<\/div>\n<div><\/div>\n<\/article>\n<p>Los videos del ataque a la empleada de una muebler\u00eda en Rosario<\/p>\n<article class=\"article\">\n<div class=\"body-article \">\n<p class=\"paragraph\" data-mrf-recirculation=\"Links inline\">El rostro y el nombre de un delincuente cordob\u00e9s gan\u00f3 protagonismo esta semana en\u00a0<a title=\"https:\/\/www.infobae.com\/tag\/rosario\/\" href=\"https:\/\/www.infobae.com\/tag\/rosario\/\" target=\"_blank\" rel=\"noopener noreferrer\" data-mrf-link=\"https:\/\/www.infobae.com\/tag\/rosario\/\"><b>Rosario<\/b><\/a>\u00a0despu\u00e9s de que un fiscal difundiera su identidad y su foto para poder detenerlo. El motivo era claro y contundente: el pasado 30 de diciembre\u00a0<a title=\"https:\/\/www.infobae.com\/tag\/josue-alexis-urquia\/\" href=\"https:\/\/www.infobae.com\/tag\/josue-alexis-urquia\/\" target=\"_blank\" rel=\"noopener noreferrer\" data-mrf-link=\"https:\/\/www.infobae.com\/tag\/josue-alexis-urquia\/\"><b>Josu\u00e9 Alexis Urquia (32)\u00a0<\/b><\/a>hab\u00eda quedado filmado por las c\u00e1maras del interior de una muebler\u00eda intentando\u00a0<b>abusar sexualmente\u00a0<\/b>de una empleada, a quien luego le dio\u00a0<b>trompadas, patadas y le mordi\u00f3 un dedo\u00a0<\/b>para llevarse un celular. Pero<b>\u00a0ya estaba preso\u00a0<\/b>desde el 1\u00ba de enero en su provincia natal por un asalto. En el avance de la investigaci\u00f3n se pudo establecer que durante su derrotero delictivo su huella digital aparece vinculada a\u00a0<b>18 identidades diferentes<\/b>.<\/p>\n<p class=\"paragraph\" data-mrf-recirculation=\"Links inline\">De acuerdo a los datos proporcionados por el\u00a0<b>Registro Nacional de Reincidencia<\/b>, el ladr\u00f3n aparece como: Josu\u00e9 Alexis Urquia, Enzo Fabi\u00e1n Barrionuevo, Fabi\u00e1n Exequiel Barrionuevo, Fabi\u00e1n Omar Barrionuevo, Gabriel Alejandro Montenegro, Braian Reggia, Jonathan Gabriel Reggina, Brian Eric Michel Regina, Brian Erik Michel Regina, Ezequiel Fabi\u00e1n Tolosa, Agust\u00edn Ezequiel Toloza, Ezequiel Fabi\u00e1n Toloza, Alejandro Gabriel Torre, \u00c1lex Gabriel Torres, Alexis Gabriel Torres, Fabi\u00e1n Omar Urqu\u00eda, Jos\u00e9 Alexis Urqu\u00eda y Joshu\u00e9 Alexis Urqu\u00eda.<\/p>\n<div class=\"visual__image\"><picture><source srcset=\"https:\/\/www.infobae.com\/resizer\/v2\/SONCHYBGIZHTNN3AXL5JJ37WWU.jpeg?auth=67ae5bb122a6b8b3f820f2a525af3ab9d8605289e4a50ed9cc920a42d0eb6c5f&amp;smart=true&amp;width=992&amp;height=558&amp;quality=85\" media=\"(min-width: 1000px)\" \/><source srcset=\"https:\/\/www.infobae.com\/resizer\/v2\/SONCHYBGIZHTNN3AXL5JJ37WWU.jpeg?auth=67ae5bb122a6b8b3f820f2a525af3ab9d8605289e4a50ed9cc920a42d0eb6c5f&amp;smart=true&amp;width=768&amp;height=432&amp;quality=85\" media=\"(min-width: 768px)\" \/><source srcset=\"https:\/\/www.infobae.com\/resizer\/v2\/SONCHYBGIZHTNN3AXL5JJ37WWU.jpeg?auth=67ae5bb122a6b8b3f820f2a525af3ab9d8605289e4a50ed9cc920a42d0eb6c5f&amp;smart=true&amp;width=577&amp;height=325&amp;quality=85\" media=\"(min-width: 580px)\" \/><source srcset=\"https:\/\/www.infobae.com\/resizer\/v2\/SONCHYBGIZHTNN3AXL5JJ37WWU.jpeg?auth=67ae5bb122a6b8b3f820f2a525af3ab9d8605289e4a50ed9cc920a42d0eb6c5f&amp;smart=true&amp;width=420&amp;height=236&amp;quality=85\" media=\"(min-width: 350px)\" \/><source srcset=\"https:\/\/www.infobae.com\/resizer\/v2\/SONCHYBGIZHTNN3AXL5JJ37WWU.jpeg?auth=67ae5bb122a6b8b3f820f2a525af3ab9d8605289e4a50ed9cc920a42d0eb6c5f&amp;smart=true&amp;width=350&amp;height=197&amp;quality=85\" media=\"(min-width: 80px)\" \/><img loading=\"lazy\" decoding=\"async\" class=\"global-image\" src=\"https:\/\/www.infobae.com\/resizer\/v2\/SONCHYBGIZHTNN3AXL5JJ37WWU.jpeg?auth=67ae5bb122a6b8b3f820f2a525af3ab9d8605289e4a50ed9cc920a42d0eb6c5f&amp;smart=true&amp;width=350&amp;height=197&amp;quality=85\" alt=\"La imagen que difundi\u00f3 la\" width=\"1600\" height=\"900\" \/><\/picture>La imagen que difundi\u00f3 la Justicia rosarina para tratar de capturar al agresor de la empleada de la muebler\u00eda<\/div>\n<p class=\"paragraph\" data-mrf-recirculation=\"Links inline\">La situaci\u00f3n abri\u00f3 un interrogante a los investigadores policiales: \u00bf<b>Es tan f\u00e1cil dar una identidad falsa durante un procedimiento<\/b>? Por lo pronto, por los indicios obtenidos a trav\u00e9s de diferentes medidas, se especulan\u00a0<b>dos escenarios<\/b>:<\/p>\n<ul class=\"list\" data-icon=\"\u2b24\">\n<li data-icon=\"\u2b24\">Que se la pasaba viajando en micros de larga distancia \u2013en algunos se colaba, seg\u00fan relatos de testigos\u2013 sin DNI, por lo tanto, quedaba asentada la identidad que dec\u00eda ante una aprehensi\u00f3n.<\/li>\n<li data-icon=\"\u2b24\">Que los datos personales de la v\u00edctima que acababa de asaltar, ya que ten\u00eda en su poder su documentaci\u00f3n.<\/li>\n<\/ul>\n<div class=\"visual__image\"><picture><source srcset=\"https:\/\/www.infobae.com\/resizer\/v2\/VFILBG3UB5HVVNZDPOGBQBLIWY.png?auth=bc3f1f66bc60e734e823d273132f0c28c81f6cd24e73d9aa2aa809d05f478e69&amp;smart=true&amp;width=992&amp;height=1519&amp;quality=85\" media=\"(min-width: 1000px)\" \/><source srcset=\"https:\/\/www.infobae.com\/resizer\/v2\/VFILBG3UB5HVVNZDPOGBQBLIWY.png?auth=bc3f1f66bc60e734e823d273132f0c28c81f6cd24e73d9aa2aa809d05f478e69&amp;smart=true&amp;width=768&amp;height=1176&amp;quality=85\" media=\"(min-width: 768px)\" \/><source srcset=\"https:\/\/www.infobae.com\/resizer\/v2\/VFILBG3UB5HVVNZDPOGBQBLIWY.png?auth=bc3f1f66bc60e734e823d273132f0c28c81f6cd24e73d9aa2aa809d05f478e69&amp;smart=true&amp;width=577&amp;height=883&amp;quality=85\" media=\"(min-width: 580px)\" \/><source srcset=\"https:\/\/www.infobae.com\/resizer\/v2\/VFILBG3UB5HVVNZDPOGBQBLIWY.png?auth=bc3f1f66bc60e734e823d273132f0c28c81f6cd24e73d9aa2aa809d05f478e69&amp;smart=true&amp;width=420&amp;height=643&amp;quality=85\" media=\"(min-width: 350px)\" \/><source srcset=\"https:\/\/www.infobae.com\/resizer\/v2\/VFILBG3UB5HVVNZDPOGBQBLIWY.png?auth=bc3f1f66bc60e734e823d273132f0c28c81f6cd24e73d9aa2aa809d05f478e69&amp;smart=true&amp;width=350&amp;height=536&amp;quality=85\" media=\"(min-width: 80px)\" \/><img loading=\"lazy\" decoding=\"async\" class=\"global-image alignleft\" src=\"https:\/\/www.infobae.com\/resizer\/v2\/VFILBG3UB5HVVNZDPOGBQBLIWY.png?auth=bc3f1f66bc60e734e823d273132f0c28c81f6cd24e73d9aa2aa809d05f478e69&amp;smart=true&amp;width=350&amp;height=536&amp;quality=85\" alt=\"Josu\u00e9 Alexis Urquia fue detenido\" width=\"403\" height=\"617\" \/><\/picture>Josu\u00e9 Alexis Urquia fue detenido en C\u00f3rdoba el primer d\u00eda de este a\u00f1o por otro asalto<\/div>\n<p class=\"paragraph\" data-mrf-recirculation=\"Links inline\">Mientras avanzaba con la recolecci\u00f3n de datos, el fiscal de Rosario\u00a0<b>Gonz\u00e1lez Raggio<\/b>\u00a0se encontr\u00f3 con que Urquia posee arrastra\u00a0<b>dos causas abiertas<\/b>\u00a0en Corrientes y Formosa y\u00a0<b>seis condenas\u00a0<\/b>en Buenos Aires, Entre R\u00edos, Jujuy, La Pampa y C\u00f3rdoba:<\/p>\n<ul class=\"list\" data-icon=\"\u2b24\">\n<li data-icon=\"\u2b24\">3\/8\/2017: General Pico,<b>\u00a0La Pampa<\/b>, un mes de prisi\u00f3n por cuatro hechos de hurto simple, uno en grado de tentativa.<\/li>\n<li data-icon=\"\u2b24\">2\/9\/2018: Arroyito,\u00a0<b>C\u00f3rdoba<\/b>, seis meses de prisi\u00f3n que deriv\u00f3 en una pena unificada de dos a\u00f1os y medio por exhibiciones obscenas y resistencia a la autoridad.<\/li>\n<li data-icon=\"\u2b24\">17\/11\/2021: Clorinda,<b>\u00a0Formosa<\/b>, tiene una causa abierta por hurto, procesado sin condena.<\/li>\n<li data-icon=\"\u2b24\">1\/2\/2023: Chajar\u00ed,\u00a0<b>Entre R\u00edos<\/b>, un mes y 10 d\u00edas de c\u00e1rcel por exhibiciones obscenas y hurto.<\/li>\n<li data-icon=\"\u2b24\">10\/3\/2023: Villa Gesell,\u00a0<b>Buenos Aires<\/b>, 20 d\u00edas de prisi\u00f3n por hurto simple en tentativa.<\/li>\n<li data-icon=\"\u2b24\">18\/3\/2024: San Salvador de Jujuy,\u00a0<b>Jujuy<\/b>, seis meses de prisi\u00f3n por los delitos de estafa, robo en grado de tentativa, violaci\u00f3n de domicilio y hurto.<\/li>\n<li data-icon=\"\u2b24\">22\/6\/2024: Corrientes,<b>\u00a0Corrientes<\/b>, tiene una causa abierta por exhibiciones obscenas, hurto y amenazas.<\/li>\n<li data-icon=\"\u2b24\">13\/10\/2025: Mar del Plata,\u00a0<b>Buenos Aires<\/b>, un mes de c\u00e1rcel por hurto.<\/li>\n<\/ul>\n<div class=\"inline_2_DSK ad-wrapper ad-desktop\">\n<div class=\"dfpAd ad-inline\"><\/div>\n<\/div>\n<p class=\"paragraph\" data-mrf-recirculation=\"Links inline\"><b>La mec\u00e1nica de algunos de los hechos era calcada<\/b>: se sub\u00eda a un colectivo de larga distancia y sustra\u00eda dinero y efectos personales de pasajeros que se hab\u00edan quedado dormidos durante el viaje. En algunos casos fue arrestado al bajar del micro.<\/p>\n<p class=\"paragraph\" data-mrf-recirculation=\"Links inline\">Ahora suma\u00a0<b>dos causas en tr\u00e1mite<\/b>: el hecho de la muebler\u00eda de Rosario del 30 de diciembre y el robo en C\u00f3rdoba por el que lo atraparon el 1\u00b0 de enero.<\/p>\n<div class=\"visual__image\"><picture><source srcset=\"https:\/\/www.infobae.com\/resizer\/v2\/VZFVKRQQFVHSDJGXURK6AW3D2I.png?auth=3e755745fb59eee55bdd409b90ccb91e78f3be47f70449f846eab1cf0b97fdbb&amp;smart=true&amp;width=992&amp;height=1524&amp;quality=85\" media=\"(min-width: 1000px)\" \/><source srcset=\"https:\/\/www.infobae.com\/resizer\/v2\/VZFVKRQQFVHSDJGXURK6AW3D2I.png?auth=3e755745fb59eee55bdd409b90ccb91e78f3be47f70449f846eab1cf0b97fdbb&amp;smart=true&amp;width=768&amp;height=1180&amp;quality=85\" media=\"(min-width: 768px)\" \/><source srcset=\"https:\/\/www.infobae.com\/resizer\/v2\/VZFVKRQQFVHSDJGXURK6AW3D2I.png?auth=3e755745fb59eee55bdd409b90ccb91e78f3be47f70449f846eab1cf0b97fdbb&amp;smart=true&amp;width=577&amp;height=887&amp;quality=85\" media=\"(min-width: 580px)\" \/><source srcset=\"https:\/\/www.infobae.com\/resizer\/v2\/VZFVKRQQFVHSDJGXURK6AW3D2I.png?auth=3e755745fb59eee55bdd409b90ccb91e78f3be47f70449f846eab1cf0b97fdbb&amp;smart=true&amp;width=420&amp;height=645&amp;quality=85\" media=\"(min-width: 350px)\" \/><source srcset=\"https:\/\/www.infobae.com\/resizer\/v2\/VZFVKRQQFVHSDJGXURK6AW3D2I.png?auth=3e755745fb59eee55bdd409b90ccb91e78f3be47f70449f846eab1cf0b97fdbb&amp;smart=true&amp;width=350&amp;height=538&amp;quality=85\" media=\"(min-width: 80px)\" \/><img loading=\"lazy\" decoding=\"async\" class=\"global-image alignright\" src=\"https:\/\/www.infobae.com\/resizer\/v2\/VZFVKRQQFVHSDJGXURK6AW3D2I.png?auth=3e755745fb59eee55bdd409b90ccb91e78f3be47f70449f846eab1cf0b97fdbb&amp;smart=true&amp;width=350&amp;height=538&amp;quality=85\" alt=\"Tiene seis condenas y cuatro\" width=\"397\" height=\"610\" \/><\/picture>Tiene seis condenas y cuatro causas abiertas en distintas provincias<\/div>\n<p class=\"paragraph\" data-mrf-recirculation=\"Links inline\">Con la difusi\u00f3n de su nombre y foto de su rostro tras la agresi\u00f3n a la empleada de la muebler\u00eda de Rosario, tambi\u00e9n empezaron a llegar al Ministerio P\u00fablico de la Acusaci\u00f3n\u00a0<b>mensajes de otras v\u00edctimas<\/b>, quienes refirieron ataques sexuales de parte del se\u00f1alado delincuente.<\/p>\n<p class=\"paragraph\" data-mrf-recirculation=\"Links inline\">En su historial delictivo tambi\u00e9n qued\u00f3 plasmado que, en 2011, tras un asalto\u00a0<b>qued\u00f3 internado<\/b>\u00a0en el hospital de Paso de los Libres, en Corrientes, porque alud\u00eda problemas de salud mental. Sin embargo,\u00a0<b>se escap\u00f3 de ese centro de salud<\/b>.<\/p>\n<p class=\"paragraph\" data-mrf-recirculation=\"Links inline\">Casualmente, ahora, a trav\u00e9s de su defensa, elev\u00f3 una solicitud ante la Justicia cordobesa, que lo tiene preso por un asalto desde el 1\u00b0 de enero mientras lo buscaban en Rosario: su abogado pidi\u00f3 la realizaci\u00f3n de una\u00a0<b>pericia interdisciplinaria<\/b>\u00a0el pr\u00f3ximo 19 de enero para<b>\u00a0establecer si comprende la criminalidad de sus actos<\/b>.<\/p>\n<p class=\"paragraph\" data-mrf-recirculation=\"Links inline\">El pasado 2 de enero, Urquia fue\u00a0<b>revisado por el equipo de salud mental del Hospital San Roque\u00a0<\/b>de C\u00f3rdoba, donde se determin\u00f3 que se encuentra en condiciones de quedar alojado en una unidad penitenciaria.<\/p>\n<p class=\"paragraph\" data-mrf-recirculation=\"Links inline\">Los profesionales de salud del Hospital San Roque agregaron que el sospechoso refiere \u201c<b>alucinaciones<\/b>\u00a0auditivas,\u00a0<b>consumo problem\u00e1tico<\/b>\u00a0de sustancias y antecedentes de tratamientos\u201d en hospitales de distintas localidades de C\u00f3rdoba y de otras provincias.<\/p>\n<h2 class=\"header headline-class-h2 headline\">El intento de abuso sexual y el robo en Rosario<\/h2>\n<p class=\"paragraph\" data-mrf-recirculation=\"Links inline\">El caso por el que se destap\u00f3 el<b>\u00a0pasado criminal de Urquia\u00a0<\/b>salt\u00f3 a la luz a las 15.30 del 30 de diciembre \u00faltimo, cuando entr\u00f3 a la muebler\u00eda de Mendoza al 3300, en el barrio Echesortu de Rosario, se sent\u00f3 y, al cabo de unos segundos, la joven empleada comenz\u00f3 a pedirle que se retirara. Lejos de salir,\u00a0<b>se abalanz\u00f3 sobre la chica y quiso llevarla a la parte trasera del lugar para abusarla<\/b>, seg\u00fan consta en las im\u00e1genes del propio comercio y que encabezan esta nota.<\/p>\n<p class=\"paragraph\" data-mrf-recirculation=\"Links inline\">Ante la imposibilidad de concretar la violaci\u00f3n, el ladr\u00f3n tom\u00f3 del cabello a la v\u00edctima y empez\u00f3 a darle golpes en distintas partes del cuerpo para sacarle su tel\u00e9fono.\u00a0<b>La tir\u00f3 contra diferentes sillones, la arroj\u00f3 al piso, le pisote\u00f3 el rostro y le dio patadas y trompadas<\/b>. Tambi\u00e9n le mordi\u00f3 durante varios segundos el dedo me\u00f1ique de la mano derecha y la mujer termin\u00f3 soltando su celular.<\/p>\n<p class=\"paragraph\" data-mrf-recirculation=\"Links inline\">De acuerdo a la declaraci\u00f3n que brind\u00f3 un familiar de la v\u00edctima en contacto con la prensa local, la empleada<b>\u00a0sufri\u00f3 una fisura<\/b>\u00a0en el dedo producto de la mordida y tuvo que ser asistida en un sanatorio del centro de Rosario.<\/p>\n<p data-mrf-recirculation=\"Links inline\">www.infobae.com<\/p>\n<\/div>\n<\/article>\n","protected":false},"excerpt":{"rendered":"<p>Por: Agust\u00edn Lago\u00a0 &#8211;\u00a0 Josu\u00e9 Alexis Urquia acumula condenas por robo en seis provincias. Desde el 1\u00ba de enero est\u00e1 detenido en C\u00f3rdoba, pero su rostro se hizo conocido por morder y golpear a una chica en una muebler\u00eda. https:\/\/www.youtube.com\/shorts\/1WGxDD16g8U Los videos del ataque a la empleada de una muebler\u00eda en Rosario El rostro y [&hellip;]<\/p>\n","protected":false},"author":4,"featured_media":142190,"comment_status":"closed","ping_status":"closed","sticky":false,"template":"","format":"standard","meta":{"footnotes":""},"categories":[4],"tags":[],"class_list":{"0":"post-142188","1":"post","2":"type-post","3":"status-publish","4":"format-standard","5":"has-post-thumbnail","7":"category-nacionales"},"_links":{"self":[{"href":"https:\/\/revistaesperanzas.com\/web\/wp-json\/wp\/v2\/posts\/142188","targetHints":{"allow":["GET"]}}],"collection":[{"href":"https:\/\/revistaesperanzas.com\/web\/wp-json\/wp\/v2\/posts"}],"about":[{"href":"https:\/\/revistaesperanzas.com\/web\/wp-json\/wp\/v2\/types\/post"}],"author":[{"embeddable":true,"href":"https:\/\/revistaesperanzas.com\/web\/wp-json\/wp\/v2\/users\/4"}],"replies":[{"embeddable":true,"href":"https:\/\/revistaesperanzas.com\/web\/wp-json\/wp\/v2\/comments?post=142188"}],"version-history":[{"count":2,"href":"https:\/\/revistaesperanzas.com\/web\/wp-json\/wp\/v2\/posts\/142188\/revisions"}],"predecessor-version":[{"id":142191,"href":"https:\/\/revistaesperanzas.com\/web\/wp-json\/wp\/v2\/posts\/142188\/revisions\/142191"}],"wp:featuredmedia":[{"embeddable":true,"href":"https:\/\/revistaesperanzas.com\/web\/wp-json\/wp\/v2\/media\/142190"}],"wp:attachment":[{"href":"https:\/\/revistaesperanzas.com\/web\/wp-json\/wp\/v2\/media?parent=142188"}],"wp:term":[{"taxonomy":"category","embeddable":true,"href":"https:\/\/revistaesperanzas.com\/web\/wp-json\/wp\/v2\/categories?post=142188"},{"taxonomy":"post_tag","embeddable":true,"href":"https:\/\/revistaesperanzas.com\/web\/wp-json\/wp\/v2\/tags?post=142188"}],"curies":[{"name":"wp","href":"https:\/\/api.w.org\/{rel}","templated":true}]}}