{"id":142211,"date":"2026-01-12T01:07:36","date_gmt":"2026-01-12T04:07:36","guid":{"rendered":"https:\/\/revistaesperanzas.com\/web\/?p=142211"},"modified":"2026-01-12T01:07:36","modified_gmt":"2026-01-12T04:07:36","slug":"una-multitud-vibro-al-ritmo-de-la-bailanta-chamamecera-en-playa-el-inga","status":"publish","type":"post","link":"https:\/\/revistaesperanzas.com\/web\/2026\/01\/una-multitud-vibro-al-ritmo-de-la-bailanta-chamamecera-en-playa-el-inga\/","title":{"rendered":"UNA MULTITUD VIBR\u00d3 AL RITMO DE LA BAILANTA CHAMAMECERA EN PLAYA EL INGA"},"content":{"rendered":"<p style=\"font-weight: 400;\">\u201cSe\u00f1ores, Goya es Chamam\u00e9, es para disfrutar y valorar nuestra identidad\u201d Alent\u00f3\u00a0 en sus palabras el Vicejefe comunal Sebasti\u00e1n Mazzaro<a href=\"https:\/\/revistaesperanzas.com\/web\/2026\/01\/una-multitud-vibro-al-ritmo-de-la-bailanta-chamamecera-en-playa-el-inga\/bailanta-chamamecera-en-el-inga-taco-y-suelo-playero-10\/\" rel=\"attachment wp-att-142213\"><img loading=\"lazy\" decoding=\"async\" class=\" wp-image-142213 alignright\" src=\"https:\/\/revistaesperanzas.com\/web\/wp-content\/uploads\/2026\/01\/bailanta-chamamecera-en-el-Inga-Taco-y-Suelo-Playero-10.jpg\" alt=\"\" width=\"551\" height=\"367\" \/><\/a><\/p>\n<p style=\"font-weight: 400;\">Con una excelente puesta en escena en el \u00e1mbito de la Costanera Norte, Playa el Inga en la noche del s\u00e1bado goyanos y turistas disfrutaron de la propuesta art\u00edstica cultural de la Bailanta Chamamecera fiel al estilo \u201cTaco y Suela\u201d los presentes<a href=\"https:\/\/revistaesperanzas.com\/web\/2026\/01\/una-multitud-vibro-al-ritmo-de-la-bailanta-chamamecera-en-playa-el-inga\/bailanta-chamamecera-en-el-inga-taco-y-suelo-playero-8\/\" rel=\"attachment wp-att-142214\"><img loading=\"lazy\" decoding=\"async\" class=\" wp-image-142214 alignleft\" src=\"https:\/\/revistaesperanzas.com\/web\/wp-content\/uploads\/2026\/01\/bailanta-chamamecera-en-el-Inga-Taco-y-Suelo-Playero-8.jpg\" alt=\"\" width=\"551\" height=\"367\" \/><\/a> bailaron en la \u201cpista de la bailanta\u201d con la presentaci\u00f3n de cada uno de los grupos encargados de animar el espect\u00e1culo.<\/p>\n<p style=\"font-weight: 400;\">Una noche cargada de emociones la vivida el s\u00e1bado en Playa El Inga, exhibiendo con orgullo la distinci\u00f3n del chamam\u00e9 como Patrimonio Intangible de la Humanidad.<a href=\"https:\/\/revistaesperanzas.com\/web\/2026\/01\/una-multitud-vibro-al-ritmo-de-la-bailanta-chamamecera-en-playa-el-inga\/bailanta-chamamecera-en-el-inga-taco-y-suelo-playero-18-emprendedores\/\" rel=\"attachment wp-att-142215\"><img loading=\"lazy\" decoding=\"async\" class=\" wp-image-142215 alignright\" src=\"https:\/\/revistaesperanzas.com\/web\/wp-content\/uploads\/2026\/01\/bailanta-chamamecera-en-el-Inga-Taco-y-Suelo-Playero-18-emprendedores.jpg\" alt=\"\" width=\"551\" height=\"367\" \/><\/a><\/p>\n<p style=\"font-weight: 400;\">Esta propuesta art\u00edstica-cultural se da en adhesi\u00f3n a la 35\u00aa Fiesta Nacional del Chamam\u00e9, 21\u00aa Fiesta del Chamam\u00e9 del MERCOSUR y la 5\u00aa Celebraci\u00f3n Mundial del Chamam\u00e9, a realizarse desde el pr\u00f3ximo viernes 16 de enero, en el Anfiteatro Cocomarola en el escenario Osvaldo<a href=\"https:\/\/revistaesperanzas.com\/web\/2026\/01\/una-multitud-vibro-al-ritmo-de-la-bailanta-chamamecera-en-playa-el-inga\/bailanta-chamamecera-en-el-inga-taco-y-suelo-playero-1\/\" rel=\"attachment wp-att-142216\"><img loading=\"lazy\" decoding=\"async\" class=\" wp-image-142216 alignleft\" src=\"https:\/\/revistaesperanzas.com\/web\/wp-content\/uploads\/2026\/01\/bailanta-chamamecera-en-el-Inga-Taco-y-Suelo-Playero-1.jpg\" alt=\"\" width=\"548\" height=\"308\" \/><\/a> Sosa Cordero.<\/p>\n<p style=\"font-weight: 400;\">Una velada acompa\u00f1ada por el Viceintendente Sebasti\u00e1n Mazzaro, la Concejal Susana Quiroz y el Director de Cultura Manuel Zampar, donde las familias disfrutaron de cada presentaci\u00f3n, sumando dos espacios importantes como ser<a href=\"https:\/\/revistaesperanzas.com\/web\/2026\/01\/una-multitud-vibro-al-ritmo-de-la-bailanta-chamamecera-en-playa-el-inga\/bailanta-chamamecera-en-el-inga-taco-y-suelo-playero-2\/\" rel=\"attachment wp-att-142217\"><img loading=\"lazy\" decoding=\"async\" class=\" wp-image-142217 alignright\" src=\"https:\/\/revistaesperanzas.com\/web\/wp-content\/uploads\/2026\/01\/bailanta-chamamecera-en-el-Inga-Taco-y-Suelo-Playero-2.jpg\" alt=\"\" width=\"550\" height=\"309\" \/><\/a> el Paseo de los Artesanos y Emprendedores junto al Patio Gastron\u00f3mico con el prop\u00f3sito de complementar la oferta en la Playita.<\/p>\n<p style=\"font-weight: 400;\">\u00a0La apertura de la noche de la bailanta estuvo a cargo del Grupo Chamamecero Municipal, alternando con la intervenci\u00f3n<a href=\"https:\/\/revistaesperanzas.com\/web\/2026\/01\/una-multitud-vibro-al-ritmo-de-la-bailanta-chamamecera-en-playa-el-inga\/bailanta-chamamecera-en-el-inga-taco-y-suelo-playero-3\/\" rel=\"attachment wp-att-142218\"><img loading=\"lazy\" decoding=\"async\" class=\"alignnone size-full wp-image-142218\" src=\"https:\/\/revistaesperanzas.com\/web\/wp-content\/uploads\/2026\/01\/bailanta-chamamecera-en-el-Inga-Taco-y-Suelo-Playero-3.jpg\" alt=\"\" width=\"600\" height=\"400\" \/><\/a> de la Escuela Municipal de Danzas Nativas \u201cEl Trovador\u201d, que puso a bailar a todas sus categor\u00edas<a href=\"https:\/\/revistaesperanzas.com\/web\/2026\/01\/una-multitud-vibro-al-ritmo-de-la-bailanta-chamamecera-en-playa-el-inga\/bailanta-chamamecera-en-el-inga-taco-y-suelo-playero-9\/\" rel=\"attachment wp-att-142219\"><img loading=\"lazy\" decoding=\"async\" class=\" wp-image-142219 alignright\" src=\"https:\/\/revistaesperanzas.com\/web\/wp-content\/uploads\/2026\/01\/bailanta-chamamecera-en-el-Inga-Taco-y-Suelo-Playero-9.jpg\" alt=\"\" width=\"549\" height=\"366\" \/><\/a> de infantil a adultos mayores invitando al p\u00fablico a demostrar sus cualidades como bailarines, de la misma manera se sumaron a esta iniciativa los integrantes del Ballet \u201cNuevo Amanecer\u201d y el Ballet Oficial Ana Mar\u00eda Trainini.<a href=\"https:\/\/revistaesperanzas.com\/web\/2026\/01\/una-multitud-vibro-al-ritmo-de-la-bailanta-chamamecera-en-playa-el-inga\/bailanta-chamamecera-en-el-inga-taco-y-suelo-playero-14-amanda-bailando-chamame\/\" rel=\"attachment wp-att-142222\"><img loading=\"lazy\" decoding=\"async\" class=\" wp-image-142222 alignleft\" src=\"https:\/\/revistaesperanzas.com\/web\/wp-content\/uploads\/2026\/01\/bailanta-chamamecera-en-el-Inga-Taco-y-Suelo-Playero-14-Amanda-bailando-chamame.jpg\" alt=\"\" width=\"551\" height=\"367\" \/><\/a><\/p>\n<p style=\"font-weight: 400;\">Una jornada que tuvo todos los matices de un gran espect\u00e1culo, destacado por los presentes por el nivel ofrecido en la Bailanta Chamamecera, inclusive para resaltar la presencia de la pareja de bailarines que representar\u00e1n a nuestra ciudad en la Fiesta Nacional del Chamam\u00e9<a href=\"https:\/\/revistaesperanzas.com\/web\/2026\/01\/una-multitud-vibro-al-ritmo-de-la-bailanta-chamamecera-en-playa-el-inga\/bailanta-chamamecera-en-el-inga-taco-y-suelo-playero-12\/\" rel=\"attachment wp-att-142221\"><img loading=\"lazy\" decoding=\"async\" class=\" wp-image-142221 alignright\" src=\"https:\/\/revistaesperanzas.com\/web\/wp-content\/uploads\/2026\/01\/bailanta-chamamecera-en-el-Inga-Taco-y-Suelo-Playero-12.jpg\" alt=\"\" width=\"551\" height=\"367\" \/><\/a> Jer\u00f3nimo Aquino y Selene Barrios, sin dejar de mencionar que en la invitaci\u00f3n al baile todos fueron part\u00edcipes, pudiendo observarse entre las parejas\u00a0de bailarines, a una holandesa, Amanda, quien cont\u00f3 que invitada por un amigo que tiene sus ra\u00edces en la ciudad de Goya,<a href=\"https:\/\/revistaesperanzas.com\/web\/2026\/01\/una-multitud-vibro-al-ritmo-de-la-bailanta-chamamecera-en-playa-el-inga\/bailanta-chamamecera-en-el-inga-taco-y-suelo-playero-11\/\" rel=\"attachment wp-att-142220\"><img loading=\"lazy\" decoding=\"async\" class=\" wp-image-142220 alignleft\" src=\"https:\/\/revistaesperanzas.com\/web\/wp-content\/uploads\/2026\/01\/bailanta-chamamecera-en-el-Inga-Taco-y-Suelo-Playero-11.jpg\" alt=\"\" width=\"549\" height=\"366\" \/><\/a> se vino para estos \u201cpagos\u201d aprendiendo los \u201cpasos del chamam\u00e9\u201d, en un perfecto castellano cont\u00f3 que es \u201calgo \u00fanico lo vivido, no se puede explicar la emoci\u00f3n y ver como todos intentaron mostrar las caracter\u00edsticas de esta danza t\u00edpica, su baile.\u201d Se\u00f1al\u00f3 ante la consulta y curiosidad<a href=\"https:\/\/revistaesperanzas.com\/web\/2026\/01\/una-multitud-vibro-al-ritmo-de-la-bailanta-chamamecera-en-playa-el-inga\/bailanta-chamamecera-en-el-inga-taco-y-suelo-playero-6\/\" rel=\"attachment wp-att-142223\"><img loading=\"lazy\" decoding=\"async\" class=\" wp-image-142223 alignright\" src=\"https:\/\/revistaesperanzas.com\/web\/wp-content\/uploads\/2026\/01\/bailanta-chamamecera-en-el-Inga-Taco-y-Suelo-Playero-6.jpg\" alt=\"\" width=\"551\" height=\"367\" \/><\/a> despertada por su presencia en este programa cultural.<\/p>\n<p style=\"font-weight: 400;\">SEBASTIAN MAZZARO<\/p>\n<p style=\"font-weight: 400;\">Invitado el Viceintendente Sebasti\u00e1n Mazzaro a saludar al p\u00fablico y los artistas del espect\u00e1culo, agradeci\u00f3 y felicit\u00f3 por la iniciativa para expresar: \u201cEstoy feliz de seguir con<a href=\"https:\/\/revistaesperanzas.com\/web\/2026\/01\/una-multitud-vibro-al-ritmo-de-la-bailanta-chamamecera-en-playa-el-inga\/bailanta-chamamecera-en-el-inga-taco-y-suelo-playero-16-la-gauchita-cumbiera\/\" rel=\"attachment wp-att-142224\"><img loading=\"lazy\" decoding=\"async\" class=\" wp-image-142224 alignleft\" src=\"https:\/\/revistaesperanzas.com\/web\/wp-content\/uploads\/2026\/01\/bailanta-chamamecera-en-el-Inga-Taco-y-Suelo-Playero-16-La-gauchita-cumbiera.jpg\" alt=\"\" width=\"549\" height=\"366\" \/><\/a> esto que venimos trabajando hace un tiempo con el Intendente Mariano Hormaechea, de valorar lo nuestro, de hacer cada vez m\u00e1s grande lo que nos identifica a los goyanos y, a los correntinos, el chamam\u00e9, por eso digo Se\u00f1oras y Se\u00f1ores Goya es Chamam\u00e9\u201d. Afirm\u00f3 Sebasti\u00e1n Mazzaro<a href=\"https:\/\/revistaesperanzas.com\/web\/2026\/01\/una-multitud-vibro-al-ritmo-de-la-bailanta-chamamecera-en-playa-el-inga\/bailanta-chamamecera-en-el-inga-taco-y-suelo-playero-13-amanda-la-holandesa-con-el-vice-y-director-de-cultuira\/\" rel=\"attachment wp-att-142225\"><img loading=\"lazy\" decoding=\"async\" class=\" wp-image-142225 alignright\" src=\"https:\/\/revistaesperanzas.com\/web\/wp-content\/uploads\/2026\/01\/bailanta-chamamecera-en-el-Inga-Taco-y-Suelo-Playero-13-Amanda-la-holandesa-con-el-Vice-y-Director-de-Cultuira.jpg\" alt=\"\" width=\"548\" height=\"365\" \/><\/a> en su saludo a los presentes acompa\u00f1ado del Director de Cultura Manuel Zampar y la Concejal Susana Quiroz, para invitar a \u201cseguir disfrutando de esta bailanta chamamecera, de nuestro Taco y Suela en la Playa.\u201d<a href=\"https:\/\/revistaesperanzas.com\/web\/2026\/01\/una-multitud-vibro-al-ritmo-de-la-bailanta-chamamecera-en-playa-el-inga\/bailanta-chamamecera-en-el-inga-taco-y-suelo-playero-7\/\" rel=\"attachment wp-att-142226\"><img loading=\"lazy\" decoding=\"async\" class=\" wp-image-142226 alignleft\" src=\"https:\/\/revistaesperanzas.com\/web\/wp-content\/uploads\/2026\/01\/bailanta-chamamecera-en-el-Inga-Taco-y-Suelo-Playero-7.jpg\" alt=\"\" width=\"551\" height=\"367\" \/><\/a><\/p>\n<p style=\"font-weight: 400;\">El espect\u00e1culo continu\u00f3 con una de las atracciones art\u00edsticas de la noche la actuaci\u00f3n de Los Pr\u00edncipes de Misiones, acaparando la atenci\u00f3n de los presentes, con un dato significativo la participaci\u00f3n de muchos j\u00f3venes, siguiendo cada uno de los temas<a href=\"https:\/\/revistaesperanzas.com\/web\/2026\/01\/una-multitud-vibro-al-ritmo-de-la-bailanta-chamamecera-en-playa-el-inga\/bailanta-chamamecera-en-el-inga-taco-y-suelo-playero-15-paseo-de-emprendedores\/\" rel=\"attachment wp-att-142227\"><img loading=\"lazy\" decoding=\"async\" class=\" wp-image-142227 alignright\" src=\"https:\/\/revistaesperanzas.com\/web\/wp-content\/uploads\/2026\/01\/bailanta-chamamecera-en-el-Inga-Taco-y-Suelo-Playero-15-paseo-de-emprendedores.jpg\" alt=\"\" width=\"551\" height=\"367\" \/><\/a> interpretados por el conjunto misionero.<\/p>\n<p style=\"font-weight: 400;\">Para dar continuidad a la Bailanta se presentaron Los Carai del Chamam\u00e9 reivindicando su vigencia en estos m\u00e1s de 40 a\u00f1os transitando el camino musiquero.<a href=\"https:\/\/revistaesperanzas.com\/web\/2026\/01\/una-multitud-vibro-al-ritmo-de-la-bailanta-chamamecera-en-playa-el-inga\/bailanta-chamamecera-en-el-inga-taco-y-suelo-playero-17-preja-ganadora-de-goya-para-la-fnch\/\" rel=\"attachment wp-att-142228\"><img loading=\"lazy\" decoding=\"async\" class=\" wp-image-142228 alignleft\" src=\"https:\/\/revistaesperanzas.com\/web\/wp-content\/uploads\/2026\/01\/bailanta-chamamecera-en-el-Inga-Taco-y-Suelo-Playero-17-preja-ganadora-de-Goya-para-la-FNCH.jpg\" alt=\"\" width=\"551\" height=\"367\" \/><\/a><\/p>\n<p style=\"font-weight: 400;\">El cierre de la Bailanta tambi\u00e9n un momento aguardado por la gran multitud que se dio cita en la Costanera Norte, la presentaci\u00f3n de Paola Bel\u00e9n La Gauchita Cumbiera, que fiel a su estilo alegre, divertido, hizo vibrar la playa con sus interpretaciones de chamam\u00e9, cumbia y<a href=\"https:\/\/revistaesperanzas.com\/web\/2026\/01\/una-multitud-vibro-al-ritmo-de-la-bailanta-chamamecera-en-playa-el-inga\/bailanta-chamamecera-en-el-inga-taco-y-suelo-playero-4\/\" rel=\"attachment wp-att-142229\"><img loading=\"lazy\" decoding=\"async\" class=\" wp-image-142229 alignright\" src=\"https:\/\/revistaesperanzas.com\/web\/wp-content\/uploads\/2026\/01\/bailanta-chamamecera-en-el-Inga-Taco-y-Suelo-Playero-4.jpg\" alt=\"\" width=\"551\" height=\"367\" \/><\/a> cuarteto, agradeciendo a la Municipalidad por la invitaci\u00f3n y al p\u00fablico por el cari\u00f1o que le regalan cada oportunidad que se presenta en Goya.<\/p>\n<p style=\"font-weight: 400;\">Sin dudas una exitosa jornada la propuesta el s\u00e1bado en Playa El Inga con un dato que no es menor, de principio a fin todos los presentes, como el<a href=\"https:\/\/revistaesperanzas.com\/web\/2026\/01\/una-multitud-vibro-al-ritmo-de-la-bailanta-chamamecera-en-playa-el-inga\/bailanta-chamamecera-en-el-inga-taco-y-suelo-playero-5-2\/\" rel=\"attachment wp-att-142230\"><img loading=\"lazy\" decoding=\"async\" class=\" wp-image-142230 alignleft\" src=\"https:\/\/revistaesperanzas.com\/web\/wp-content\/uploads\/2026\/01\/bailanta-chamamecera-en-el-Inga-Taco-y-Suelo-Playero-5-1.jpg\" alt=\"\" width=\"551\" height=\"367\" \/><\/a> compromiso de promeseros, en este caso con nuestra m\u00fasica, bailaron toda la noche, en la pista bailantera extendida a lo largo del espacio costero, con otro valor que viene mostrando esta iniciativa cultural, art\u00edstica, la masiva presencia de j\u00f3venes un aspecto que permite tener una mirada hacia adelante, de preservar, mantener y proyectar nuestro chamam\u00e9<\/p>\n","protected":false},"excerpt":{"rendered":"<p>\u201cSe\u00f1ores, Goya es Chamam\u00e9, es para disfrutar y valorar nuestra identidad\u201d Alent\u00f3\u00a0 en sus palabras el Vicejefe comunal Sebasti\u00e1n Mazzaro Con una excelente puesta en escena en el \u00e1mbito de la Costanera Norte, Playa el Inga en la noche del s\u00e1bado goyanos y turistas disfrutaron de la propuesta art\u00edstica cultural de la Bailanta Chamamecera fiel [&hellip;]<\/p>\n","protected":false},"author":4,"featured_media":142212,"comment_status":"closed","ping_status":"closed","sticky":false,"template":"","format":"standard","meta":{"footnotes":""},"categories":[45],"tags":[],"class_list":{"0":"post-142211","1":"post","2":"type-post","3":"status-publish","4":"format-standard","5":"has-post-thumbnail","7":"category-locales"},"_links":{"self":[{"href":"https:\/\/revistaesperanzas.com\/web\/wp-json\/wp\/v2\/posts\/142211","targetHints":{"allow":["GET"]}}],"collection":[{"href":"https:\/\/revistaesperanzas.com\/web\/wp-json\/wp\/v2\/posts"}],"about":[{"href":"https:\/\/revistaesperanzas.com\/web\/wp-json\/wp\/v2\/types\/post"}],"author":[{"embeddable":true,"href":"https:\/\/revistaesperanzas.com\/web\/wp-json\/wp\/v2\/users\/4"}],"replies":[{"embeddable":true,"href":"https:\/\/revistaesperanzas.com\/web\/wp-json\/wp\/v2\/comments?post=142211"}],"version-history":[{"count":2,"href":"https:\/\/revistaesperanzas.com\/web\/wp-json\/wp\/v2\/posts\/142211\/revisions"}],"predecessor-version":[{"id":142232,"href":"https:\/\/revistaesperanzas.com\/web\/wp-json\/wp\/v2\/posts\/142211\/revisions\/142232"}],"wp:featuredmedia":[{"embeddable":true,"href":"https:\/\/revistaesperanzas.com\/web\/wp-json\/wp\/v2\/media\/142212"}],"wp:attachment":[{"href":"https:\/\/revistaesperanzas.com\/web\/wp-json\/wp\/v2\/media?parent=142211"}],"wp:term":[{"taxonomy":"category","embeddable":true,"href":"https:\/\/revistaesperanzas.com\/web\/wp-json\/wp\/v2\/categories?post=142211"},{"taxonomy":"post_tag","embeddable":true,"href":"https:\/\/revistaesperanzas.com\/web\/wp-json\/wp\/v2\/tags?post=142211"}],"curies":[{"name":"wp","href":"https:\/\/api.w.org\/{rel}","templated":true}]}}