{"id":142240,"date":"2026-01-12T12:20:06","date_gmt":"2026-01-12T15:20:06","guid":{"rendered":"https:\/\/revistaesperanzas.com\/web\/?p=142240"},"modified":"2026-01-12T12:20:06","modified_gmt":"2026-01-12T15:20:06","slug":"goya-realizo-lanzamiento-de-los-corsos-oficiales-2026","status":"publish","type":"post","link":"https:\/\/revistaesperanzas.com\/web\/2026\/01\/goya-realizo-lanzamiento-de-los-corsos-oficiales-2026\/","title":{"rendered":"GOYA REALIZ\u00d3 LANZAMIENTO DE LOS CORSOS OFICIALES 2026"},"content":{"rendered":"<p style=\"font-weight: 400;\">Multitudinaria presentaci\u00f3n:<\/p>\n<p style=\"font-weight: 400;\">Este domingo 11 Costanera Norte y Playita El Ing\u00e1 se convirtieron en una marea de<a href=\"https:\/\/revistaesperanzas.com\/web\/2026\/01\/goya-realizo-lanzamiento-de-los-corsos-oficiales-2026\/goya-realizo-lanzamiento-de-los-corsos-oficiales-1\/\" rel=\"attachment wp-att-142242\"><img loading=\"lazy\" decoding=\"async\" class=\"wp-image-142242 alignleft\" src=\"https:\/\/revistaesperanzas.com\/web\/wp-content\/uploads\/2026\/01\/GOYA-REALIZO-LANZAMIENTO-DE-LOS-CORSOS-OFICIALES-1.jpg\" alt=\"\" width=\"501\" height=\"333\" \/><\/a> aplausos, risas, brillo y compases durante el lanzamiento de los Corsos Oficiales Goyanos 2026 que desde el pr\u00f3ximo viernes 23 reunir\u00e1 a las comparsas y agrupaciones del carnaval de la localidad.<\/p>\n<p style=\"font-weight: 400;\">Este domingo miles de espectadores alentaron y disfrutaron del paso de las comparsas Arami, O Bah\u00eda, Poramba, Tropical, Aymar\u00e1, Ita Vera.<a href=\"https:\/\/revistaesperanzas.com\/web\/2026\/01\/goya-realizo-lanzamiento-de-los-corsos-oficiales-2026\/goya-realizo-lanzamiento-de-los-corsos-oficiales-2\/\" rel=\"attachment wp-att-142243\"><img loading=\"lazy\" decoding=\"async\" class=\"wp-image-142243 alignleft\" src=\"https:\/\/revistaesperanzas.com\/web\/wp-content\/uploads\/2026\/01\/GOYA-REALIZO-LANZAMIENTO-DE-LOS-CORSOS-OFICIALES-2.jpg\" alt=\"\" width=\"501\" height=\"333\" \/><\/a><\/p>\n<p style=\"font-weight: 400;\">Previo a la presentaci\u00f3n se llev\u00f3 a cabo el banderazo que parti\u00f3 desde predio Costa Surub\u00ed hasta Costanera Norte. Por segundo a\u00f1o consecutivo se realiza este tradicional desfile del que participan integrantes de las comparsas y agrupaciones.<a href=\"https:\/\/revistaesperanzas.com\/web\/2026\/01\/goya-realizo-lanzamiento-de-los-corsos-oficiales-2026\/goya-realizo-lanzamiento-de-los-corsos-oficiales-4\/\" rel=\"attachment wp-att-142244\"><img loading=\"lazy\" decoding=\"async\" class=\" wp-image-142244 alignleft\" src=\"https:\/\/revistaesperanzas.com\/web\/wp-content\/uploads\/2026\/01\/GOYA-REALIZO-LANZAMIENTO-DE-LOS-CORSOS-OFICIALES-4.jpg\" alt=\"\" width=\"501\" height=\"333\" \/><\/a><\/p>\n<p style=\"font-weight: 400;\">Las noches de corsos est\u00e1n previstas para el 23, 24 y 31 de enero, y el s\u00e1bado 7 de febrero, ceremonia de premiaci\u00f3n.<\/p>\n<p style=\"font-weight: 400;\">De la presentaci\u00f3n oficial participaron funcionarios municipales encabezados por el viceintendente Sebasti\u00e1n Mazzaro y el secretario de Turismo, Sebasti\u00e1n Candia; las concejales Vivian Merlo, Gabriela Refojos, Emanuel Blanco, funcionarios municipales y provinciales.<\/p>\n","protected":false},"excerpt":{"rendered":"<p>Multitudinaria presentaci\u00f3n: Este domingo 11 Costanera Norte y Playita El Ing\u00e1 se convirtieron en una marea de aplausos, risas, brillo y compases durante el lanzamiento de los Corsos Oficiales Goyanos 2026 que desde el pr\u00f3ximo viernes 23 reunir\u00e1 a las comparsas y agrupaciones del carnaval de la localidad. Este domingo miles de espectadores alentaron y [&hellip;]<\/p>\n","protected":false},"author":4,"featured_media":142241,"comment_status":"closed","ping_status":"closed","sticky":false,"template":"","format":"standard","meta":{"footnotes":""},"categories":[45],"tags":[],"class_list":{"0":"post-142240","1":"post","2":"type-post","3":"status-publish","4":"format-standard","5":"has-post-thumbnail","7":"category-locales"},"_links":{"self":[{"href":"https:\/\/revistaesperanzas.com\/web\/wp-json\/wp\/v2\/posts\/142240","targetHints":{"allow":["GET"]}}],"collection":[{"href":"https:\/\/revistaesperanzas.com\/web\/wp-json\/wp\/v2\/posts"}],"about":[{"href":"https:\/\/revistaesperanzas.com\/web\/wp-json\/wp\/v2\/types\/post"}],"author":[{"embeddable":true,"href":"https:\/\/revistaesperanzas.com\/web\/wp-json\/wp\/v2\/users\/4"}],"replies":[{"embeddable":true,"href":"https:\/\/revistaesperanzas.com\/web\/wp-json\/wp\/v2\/comments?post=142240"}],"version-history":[{"count":2,"href":"https:\/\/revistaesperanzas.com\/web\/wp-json\/wp\/v2\/posts\/142240\/revisions"}],"predecessor-version":[{"id":142246,"href":"https:\/\/revistaesperanzas.com\/web\/wp-json\/wp\/v2\/posts\/142240\/revisions\/142246"}],"wp:featuredmedia":[{"embeddable":true,"href":"https:\/\/revistaesperanzas.com\/web\/wp-json\/wp\/v2\/media\/142241"}],"wp:attachment":[{"href":"https:\/\/revistaesperanzas.com\/web\/wp-json\/wp\/v2\/media?parent=142240"}],"wp:term":[{"taxonomy":"category","embeddable":true,"href":"https:\/\/revistaesperanzas.com\/web\/wp-json\/wp\/v2\/categories?post=142240"},{"taxonomy":"post_tag","embeddable":true,"href":"https:\/\/revistaesperanzas.com\/web\/wp-json\/wp\/v2\/tags?post=142240"}],"curies":[{"name":"wp","href":"https:\/\/api.w.org\/{rel}","templated":true}]}}