{"id":142269,"date":"2026-01-12T19:04:06","date_gmt":"2026-01-12T22:04:06","guid":{"rendered":"https:\/\/revistaesperanzas.com\/web\/?p=142269"},"modified":"2026-01-12T21:54:06","modified_gmt":"2026-01-13T00:54:06","slug":"san-roque-una-persona-fallece-y-otra-es-trasladada-a-corrientes-cap-con-heridas-de-consideracion","status":"publish","type":"post","link":"https:\/\/revistaesperanzas.com\/web\/2026\/01\/san-roque-una-persona-fallece-y-otra-es-trasladada-a-corrientes-cap-con-heridas-de-consideracion\/","title":{"rendered":"SAN ROQUE: UNA PERSONA FALLECE Y OTRA ES TRASLADADA A CORRIENTES CAP. CON HERIDAS DE CONSIDERACI\u00d3N"},"content":{"rendered":"<p>En horas de la siesta de hoy 12-01-26, efectivos policiales de la Comisar\u00eda de Distrito San Roque, habr\u00edan tomado conocimiento de un siniestro vial ocurrido sobre Ruta Nacional N\u00b0 12 en cercan\u00edas al arroyo Ysusi, d\u00f3nde una persona perdi\u00f3 la vida.<\/p>\n<p>Seg\u00fan la informaci\u00f3n preliminar obtenida, el siniestro se registr\u00f3 cerca de las 14:00horas, en el cual por causas y circunstancias que se investigan habr\u00edan colisionado, un autom\u00f3vil -marca Fiat Uno- conducido por un hombre de 43 a\u00f1os de edad y una motocicleta -marca Yamaha Fz 250cc.- en la cual circulaban dos personas -unicos datos-, a consecuencia del mismo, un ocupante del rodado menor perdi\u00f3 la vida en el lugar y el segundo fue auxiliado y trasladado al hospital escuela de la Ciudad de Corrientes.<\/p>\n<p>En el lugar se realizaron las diligencias correspondientes, con la intervenci\u00f3n de la unidad fiscal en turno, en tanto, en la citada dependencia se continuan con los tr\u00e1mites de rigor.<\/p>\n","protected":false},"excerpt":{"rendered":"<p>En horas de la siesta de hoy 12-01-26, efectivos policiales de la Comisar\u00eda de Distrito San Roque, habr\u00edan tomado conocimiento de un siniestro vial ocurrido sobre Ruta Nacional N\u00b0 12 en cercan\u00edas al arroyo Ysusi, d\u00f3nde una persona perdi\u00f3 la vida. Seg\u00fan la informaci\u00f3n preliminar obtenida, el siniestro se registr\u00f3 cerca de las 14:00horas, en [&hellip;]<\/p>\n","protected":false},"author":4,"featured_media":142289,"comment_status":"closed","ping_status":"closed","sticky":false,"template":"","format":"standard","meta":{"footnotes":""},"categories":[58],"tags":[],"class_list":{"0":"post-142269","1":"post","2":"type-post","3":"status-publish","4":"format-standard","5":"has-post-thumbnail","7":"category-corrientes"},"_links":{"self":[{"href":"https:\/\/revistaesperanzas.com\/web\/wp-json\/wp\/v2\/posts\/142269","targetHints":{"allow":["GET"]}}],"collection":[{"href":"https:\/\/revistaesperanzas.com\/web\/wp-json\/wp\/v2\/posts"}],"about":[{"href":"https:\/\/revistaesperanzas.com\/web\/wp-json\/wp\/v2\/types\/post"}],"author":[{"embeddable":true,"href":"https:\/\/revistaesperanzas.com\/web\/wp-json\/wp\/v2\/users\/4"}],"replies":[{"embeddable":true,"href":"https:\/\/revistaesperanzas.com\/web\/wp-json\/wp\/v2\/comments?post=142269"}],"version-history":[{"count":1,"href":"https:\/\/revistaesperanzas.com\/web\/wp-json\/wp\/v2\/posts\/142269\/revisions"}],"predecessor-version":[{"id":142271,"href":"https:\/\/revistaesperanzas.com\/web\/wp-json\/wp\/v2\/posts\/142269\/revisions\/142271"}],"wp:featuredmedia":[{"embeddable":true,"href":"https:\/\/revistaesperanzas.com\/web\/wp-json\/wp\/v2\/media\/142289"}],"wp:attachment":[{"href":"https:\/\/revistaesperanzas.com\/web\/wp-json\/wp\/v2\/media?parent=142269"}],"wp:term":[{"taxonomy":"category","embeddable":true,"href":"https:\/\/revistaesperanzas.com\/web\/wp-json\/wp\/v2\/categories?post=142269"},{"taxonomy":"post_tag","embeddable":true,"href":"https:\/\/revistaesperanzas.com\/web\/wp-json\/wp\/v2\/tags?post=142269"}],"curies":[{"name":"wp","href":"https:\/\/api.w.org\/{rel}","templated":true}]}}