{"id":142290,"date":"2026-01-13T10:28:19","date_gmt":"2026-01-13T13:28:19","guid":{"rendered":"https:\/\/revistaesperanzas.com\/web\/?p=142290"},"modified":"2026-01-13T10:42:02","modified_gmt":"2026-01-13T13:42:02","slug":"solicitud-de-colaboracion-para-la-localizacion-de-familares-del-ciudadano-quien-dice-llamarse-luciano-alegre-mayor-de-edad-internado-en-el-hospital-escuela","status":"publish","type":"post","link":"https:\/\/revistaesperanzas.com\/web\/2026\/01\/solicitud-de-colaboracion-para-la-localizacion-de-familares-del-ciudadano-quien-dice-llamarse-luciano-alegre-mayor-de-edad-internado-en-el-hospital-escuela\/","title":{"rendered":"SOLICITUD DE COLABORACION PARA LA LOCALIZACION DE FAMILARES DEL CIUDADANO QUIEN DICE LLAMARSE LUCIANO ALEGRE -MAYOR DE EDAD- INTERNADO EN EL HOSPITAL ESCUELA"},"content":{"rendered":"<p>HOSPITAL ESCUELA\u00a0 &#8211;\u00a0 Personal de Emergencias del hospital Escuela solicita la colaboraci\u00f3n de la poblaci\u00f3n en general para dar con familiares de una persona mayor de edad, quien<a href=\"https:\/\/revistaesperanzas.com\/web\/2026\/01\/solicitud-de-colaboracion-para-la-localizacion-de-familares-del-ciudadano-quien-dice-llamarse-luciano-alegre-mayor-de-edad-internado-en-el-hospital-escuela\/whatsapp-image-2026-01-13-at-07-23-55\/\" rel=\"attachment wp-att-142301\"><img loading=\"lazy\" decoding=\"async\" class=\" wp-image-142301 alignright\" src=\"https:\/\/revistaesperanzas.com\/web\/wp-content\/uploads\/2026\/01\/WhatsApp-Image-2026-01-13-at-07.23.55.jpeg\" alt=\"\" width=\"500\" height=\"502\" srcset=\"https:\/\/revistaesperanzas.com\/web\/wp-content\/uploads\/2026\/01\/WhatsApp-Image-2026-01-13-at-07.23.55.jpeg 600w, https:\/\/revistaesperanzas.com\/web\/wp-content\/uploads\/2026\/01\/WhatsApp-Image-2026-01-13-at-07.23.55-419x420.jpeg 419w\" sizes=\"auto, (max-width: 500px) 100vw, 500px\" \/><\/a> dice llamarse LUCIANO ALEGRE quien se encuentra internado y desorientado en el mencionado nosocomio.<\/p>\n<p>El mismo, habr\u00eda ingresado en horas de la noche DEL 11-01-26, luego de haber sido hallado inconsciente en la v\u00eda p\u00fablica.<br \/>\nPor ello, personal del Hospital Escuela solicita la colaboraci\u00f3n de la poblaci\u00f3n, quien tenga datos sobre familiares del mismo a fin de acercarse hasta el lugar (Avenida 3 de Abril 1.224 de esta ciudad capital) o comunicarse al celular 3794-379515 (Lic. Estela Avalos)<\/p>\n","protected":false},"excerpt":{"rendered":"<p>HOSPITAL ESCUELA\u00a0 &#8211;\u00a0 Personal de Emergencias del hospital Escuela solicita la colaboraci\u00f3n de la poblaci\u00f3n en general para dar con familiares de una persona mayor de edad, quien dice llamarse LUCIANO ALEGRE quien se encuentra internado y desorientado en el mencionado nosocomio. El mismo, habr\u00eda ingresado en horas de la noche DEL 11-01-26, luego de [&hellip;]<\/p>\n","protected":false},"author":4,"featured_media":142291,"comment_status":"closed","ping_status":"closed","sticky":false,"template":"","format":"standard","meta":{"footnotes":""},"categories":[58],"tags":[],"class_list":{"0":"post-142290","1":"post","2":"type-post","3":"status-publish","4":"format-standard","5":"has-post-thumbnail","7":"category-corrientes"},"_links":{"self":[{"href":"https:\/\/revistaesperanzas.com\/web\/wp-json\/wp\/v2\/posts\/142290","targetHints":{"allow":["GET"]}}],"collection":[{"href":"https:\/\/revistaesperanzas.com\/web\/wp-json\/wp\/v2\/posts"}],"about":[{"href":"https:\/\/revistaesperanzas.com\/web\/wp-json\/wp\/v2\/types\/post"}],"author":[{"embeddable":true,"href":"https:\/\/revistaesperanzas.com\/web\/wp-json\/wp\/v2\/users\/4"}],"replies":[{"embeddable":true,"href":"https:\/\/revistaesperanzas.com\/web\/wp-json\/wp\/v2\/comments?post=142290"}],"version-history":[{"count":2,"href":"https:\/\/revistaesperanzas.com\/web\/wp-json\/wp\/v2\/posts\/142290\/revisions"}],"predecessor-version":[{"id":142302,"href":"https:\/\/revistaesperanzas.com\/web\/wp-json\/wp\/v2\/posts\/142290\/revisions\/142302"}],"wp:featuredmedia":[{"embeddable":true,"href":"https:\/\/revistaesperanzas.com\/web\/wp-json\/wp\/v2\/media\/142291"}],"wp:attachment":[{"href":"https:\/\/revistaesperanzas.com\/web\/wp-json\/wp\/v2\/media?parent=142290"}],"wp:term":[{"taxonomy":"category","embeddable":true,"href":"https:\/\/revistaesperanzas.com\/web\/wp-json\/wp\/v2\/categories?post=142290"},{"taxonomy":"post_tag","embeddable":true,"href":"https:\/\/revistaesperanzas.com\/web\/wp-json\/wp\/v2\/tags?post=142290"}],"curies":[{"name":"wp","href":"https:\/\/api.w.org\/{rel}","templated":true}]}}