{"id":142293,"date":"2026-01-13T10:36:47","date_gmt":"2026-01-13T13:36:47","guid":{"rendered":"https:\/\/revistaesperanzas.com\/web\/?p=142293"},"modified":"2026-01-13T10:38:51","modified_gmt":"2026-01-13T13:38:51","slug":"detienen-a-un-ladron-infraganti","status":"publish","type":"post","link":"https:\/\/revistaesperanzas.com\/web\/2026\/01\/detienen-a-un-ladron-infraganti\/","title":{"rendered":"DETIENEN A UN LADRON INFRAGANTI"},"content":{"rendered":"<p>MONTE CASEROS\u00a0 &#8211;\u00a0 La Polic\u00eda aprehendi\u00f3 a un hombre momentos en que comet\u00eda un hecho delictivo, adem\u00e1s, recuper\u00f3 un aire acondicionado y un secarropas que fueron sustra\u00eddos.<\/p>\n<p>En la tarde DEL 12-01-25, efectivos policiales de la Comisar\u00eda de Distrito Primera de Monte Caseros, tras ser alertados por el Sistema Integral de Seguridad 911 de un il\u00edcito, en un r\u00e1pido y eficaz accionar, aprehendieron a un hombre y recuperaron varias cosas sustra\u00eddas momentos antes.<a href=\"https:\/\/revistaesperanzas.com\/web\/2026\/01\/detienen-a-un-ladron-infraganti\/whatsapp-image-2026-01-13-at-07-24-48\/\" rel=\"attachment wp-att-142297\"><img loading=\"lazy\" decoding=\"async\" class=\" wp-image-142297 alignleft\" src=\"https:\/\/revistaesperanzas.com\/web\/wp-content\/uploads\/2026\/01\/WhatsApp-Image-2026-01-13-at-07.24.48.jpeg\" alt=\"\" width=\"450\" height=\"440\" srcset=\"https:\/\/revistaesperanzas.com\/web\/wp-content\/uploads\/2026\/01\/WhatsApp-Image-2026-01-13-at-07.24.48.jpeg 600w, https:\/\/revistaesperanzas.com\/web\/wp-content\/uploads\/2026\/01\/WhatsApp-Image-2026-01-13-at-07.24.48-429x420.jpeg 429w\" sizes=\"auto, (max-width: 450px) 100vw, 450px\" \/><\/a><\/p>\n<p>El procedimiento lo concretaron los citados efectivos, alrededor de las 15:00 horas, cuando luego de tomar conocimiento de un il\u00edcito ocurrido en una vivienda ubicada por calles Pl\u00e1cido Mart\u00ednez y Lavalle de la citada localidad, acudieron de manera inmediata al lugar, logrando divisar a dos personas, quienes tras notar la presencia policial, intentan huir del lugar, pero tras un r\u00e1pido accionar aprehendieron a uno de ellos -un joven de 26 a\u00f1os de edad-, adem\u00e1s, procedieron al secuestro de un aire acondicionado y un lavarropas, los cuales fueron sustra\u00eddos, tras violentar la puerta de acceso de la vivienda.<\/p>\n<p>El aprehendido junto a lo recuperado fue puesto a disposici\u00f3n de la unidad fiscal en turno y trasladado a la citada dependencia, d\u00f3nde se continuaron con los tr\u00e1mites de rigor.<\/p>\n","protected":false},"excerpt":{"rendered":"<p>MONTE CASEROS\u00a0 &#8211;\u00a0 La Polic\u00eda aprehendi\u00f3 a un hombre momentos en que comet\u00eda un hecho delictivo, adem\u00e1s, recuper\u00f3 un aire acondicionado y un secarropas que fueron sustra\u00eddos. En la tarde DEL 12-01-25, efectivos policiales de la Comisar\u00eda de Distrito Primera de Monte Caseros, tras ser alertados por el Sistema Integral de Seguridad 911 de un [&hellip;]<\/p>\n","protected":false},"author":4,"featured_media":142295,"comment_status":"closed","ping_status":"closed","sticky":false,"template":"","format":"standard","meta":{"footnotes":""},"categories":[1],"tags":[],"class_list":{"0":"post-142293","1":"post","2":"type-post","3":"status-publish","4":"format-standard","5":"has-post-thumbnail","7":"category-sin-categoria"},"_links":{"self":[{"href":"https:\/\/revistaesperanzas.com\/web\/wp-json\/wp\/v2\/posts\/142293","targetHints":{"allow":["GET"]}}],"collection":[{"href":"https:\/\/revistaesperanzas.com\/web\/wp-json\/wp\/v2\/posts"}],"about":[{"href":"https:\/\/revistaesperanzas.com\/web\/wp-json\/wp\/v2\/types\/post"}],"author":[{"embeddable":true,"href":"https:\/\/revistaesperanzas.com\/web\/wp-json\/wp\/v2\/users\/4"}],"replies":[{"embeddable":true,"href":"https:\/\/revistaesperanzas.com\/web\/wp-json\/wp\/v2\/comments?post=142293"}],"version-history":[{"count":2,"href":"https:\/\/revistaesperanzas.com\/web\/wp-json\/wp\/v2\/posts\/142293\/revisions"}],"predecessor-version":[{"id":142298,"href":"https:\/\/revistaesperanzas.com\/web\/wp-json\/wp\/v2\/posts\/142293\/revisions\/142298"}],"wp:featuredmedia":[{"embeddable":true,"href":"https:\/\/revistaesperanzas.com\/web\/wp-json\/wp\/v2\/media\/142295"}],"wp:attachment":[{"href":"https:\/\/revistaesperanzas.com\/web\/wp-json\/wp\/v2\/media?parent=142293"}],"wp:term":[{"taxonomy":"category","embeddable":true,"href":"https:\/\/revistaesperanzas.com\/web\/wp-json\/wp\/v2\/categories?post=142293"},{"taxonomy":"post_tag","embeddable":true,"href":"https:\/\/revistaesperanzas.com\/web\/wp-json\/wp\/v2\/tags?post=142293"}],"curies":[{"name":"wp","href":"https:\/\/api.w.org\/{rel}","templated":true}]}}