{"id":142314,"date":"2026-01-13T18:10:37","date_gmt":"2026-01-13T21:10:37","guid":{"rendered":"https:\/\/revistaesperanzas.com\/web\/?p=142314"},"modified":"2026-01-13T18:10:37","modified_gmt":"2026-01-13T21:10:37","slug":"policia-de-corrientes-area-institucional","status":"publish","type":"post","link":"https:\/\/revistaesperanzas.com\/web\/2026\/01\/policia-de-corrientes-area-institucional\/","title":{"rendered":"POLIC\u00cdA DE CORRIENTES: AREA INSTITUCIONAL"},"content":{"rendered":"<p>SE HALLA ABIERTA LA INSCRIPCION PARA EL \u201cVIII\u00b0 PROMOCION DE ASPIRANTES A CABO DE LA DIVISION ESCUELA DE SUBOFICIALES SGTO. JUAN BAUTISTA CABRAL\u201d DE LA POLICIA DE CORRIENTES<\/p>\n<p>Desde el 14 y hasta el 30 de Enero inclusive del presente a\u00f1o 2026, se halla abierta la inscripci\u00f3n para la \u201cVIII\u00b0 Promoci\u00f3n de Aspirantes a Cabo de la Divisi\u00f3n Escuela de Suboficiales \u201cSgto. Juan Bautista Cabral\u201d, de la Polic\u00eda de Corrientes, de dos (02) a\u00f1os de duraci\u00f3n, a dictarse en las sedes de Formaci\u00f3n del \u00c1rea Capital y de las 07 Unidades Regionales (I\u00b0 San Luis del Palmar \u2013 II\u00b0 Goya \u2013 III\u00b0 Curuzu Cuatia \u2013 IV\u00b0 Paso de los Libres \u2013 V\u00b0 Santo Tome \u2013 VI\u00b0 Ituzaingo y VII\u00b0 Saladas), en la modalidad presencial, destinados a postulantes de sexo masculino y femenino, debiendo cumplir con los requisitos, condiciones de ingreso y declaraci\u00f3n jurada sobre Historia M\u00e9dica.<\/p>\n<p>Dicha inscripci\u00f3n y recepci\u00f3n de las carpetas con las documentaciones requeridas, se realizara en la mencionada Divisi\u00f3n Escuela de Suboficiales \u201cSgto. Juan Bautista Cabral\u201d, \u00c1rea Capital y en las distintas sedes con asiento en las Unidades Regionales: I\u00b0 San Luis del Palmar \u2013 II\u00b0 Goya \u2013 III\u00b0 Curuzu Cuatia \u2013 IV\u00b0 Paso de los Libres \u2013 V\u00b0 Santo Tome \u2013 VI\u00b0 Ituzaingo y VII\u00b0 Saladas, desde el 14 al 30 de Enero de 2026, inclusive.<a href=\"https:\/\/revistaesperanzas.com\/web\/2026\/01\/policia-de-corrientes-area-institucional\/whatsapp-image-2026-01-13-at-17-32-14\/\" rel=\"attachment wp-att-142316\"><img loading=\"lazy\" decoding=\"async\" class=\" wp-image-142316 alignright\" src=\"https:\/\/revistaesperanzas.com\/web\/wp-content\/uploads\/2026\/01\/WhatsApp-Image-2026-01-13-at-17.32.14.jpeg\" alt=\"\" width=\"500\" height=\"708\" srcset=\"https:\/\/revistaesperanzas.com\/web\/wp-content\/uploads\/2026\/01\/WhatsApp-Image-2026-01-13-at-17.32.14.jpeg 1131w, https:\/\/revistaesperanzas.com\/web\/wp-content\/uploads\/2026\/01\/WhatsApp-Image-2026-01-13-at-17.32.14-297x420.jpeg 297w, https:\/\/revistaesperanzas.com\/web\/wp-content\/uploads\/2026\/01\/WhatsApp-Image-2026-01-13-at-17.32.14-696x985.jpeg 696w, https:\/\/revistaesperanzas.com\/web\/wp-content\/uploads\/2026\/01\/WhatsApp-Image-2026-01-13-at-17.32.14-1068x1511.jpeg 1068w\" sizes=\"auto, (max-width: 500px) 100vw, 500px\" \/><\/a><\/p>\n<p>REQUISITOS QUE DEBEN REUNIR LOS POSTULANTES:<\/p>\n<p>\u2022 Ser argentino\/a nativo\/a o por opci\u00f3n.<br \/>\n\u2022 Ser soltero\/a.<br \/>\n\u2022 No superar los 27 a\u00f1os de edad al 30-06-26 para postulante masculino y 25 a\u00f1os femenino al 30-06-26.<\/p>\n<p>\u2022 Los menores de 18 a\u00f1os de edad, deber\u00e1n presentar consentimiento escrito de los padres o personas que legalmente reemplace, por escribano p\u00fablico.<\/p>\n<p>\u2022 Tener aprobado el Nivel Secundario completo. No adeudar materias al momento de inscripci\u00f3n. Los que presenten constancia de t\u00edtulo en tr\u00e1mite (solo para los que finalizaron en el ciclo lectivo 2025) tendr\u00e1n un plazo m\u00e1ximo de presentaci\u00f3n de titulo original o fotocopias certificada por la Direcci\u00f3n de t\u00edtulo dependiente del Ministerio de Educaci\u00f3n de la Provincia, de tres meses desde su incorporaci\u00f3n al curso, a partir de esa fecha no podr\u00e1 continuar su formaci\u00f3n acad\u00e9mica hasta tanto de cumplimiento a dicho requisito y si al 01 de diciembre del 2026 no han dado cumplimiento al mismo ser\u00e1n excluidos del presente curso.<\/p>\n<p>\u2022 Poseer aptitudes de moralidad y buenas costumbres.<\/p>\n<p>\u2022 Tener salud y aptitud psico \u2013 f\u00edsica para realizar actividades de alto rendimiento.<\/p>\n<p>\u2022 No padecer enfermedades cr\u00f3nicas, infectocontagiosas, determinadas como inhabilitantes.<\/p>\n<p>\u2022 No hallarse lesionado o disminuido en su salud y capacidad f\u00edsica motriz, ni estar comprendido entre las causales de NO APTITUD M\u00c9DICA detalladas m\u00e1s adelante en la presente cartilla.<\/p>\n<p>\u2022 Tener estatura no menor de 1,65 m. (masculino) y 1,60 m. (femenino).<\/p>\n<p>\u2022 Poseer una relaci\u00f3n normal de talla y peso con respecto al I.M.C. a determinar por el facultativo en el examen m\u00e9dico al que ser\u00e1 sometido oportunamente.<\/p>\n<p>\u2022 No registrar antecedentes judiciales ni policiales, no estar imputado y\/o procesado por delitos dolosos de competencia provincial o federal, hasta que obtenga indefectiblemente el sobreseimiento definitivo con la salvedad de que el proceso no afecte su buen nombre y honor. (Art. 39, inc. \u201cC\u201d, Art. 40, inc. \u201cC\u201d L.P.P).<\/p>\n<p>\u2022 No encontrarse las postulantes femeninas en estado de gravidez al momento del examen de admisi\u00f3n y\/o ingreso.<\/p>\n<p>\u2022 No poseer tatuajes en lugares visibles con el uso del uniforme (miembros inferiores, superiores, rostro, cuello)<\/p>\n<p>INSCRIPCI\u00d3N del 14 AL 30 DE ENERO DEL 2026<\/p>\n<p>Lugares:<br \/>\n&#8211; AREA CAPITAL, en las instalaciones de la Escuela de .Suboficiales \u201cSgto. Juan Bautista Cabral\u201d , sito en el Complejo Formativo y Capacitaci\u00f3n Policial , Ctes Capital Tel. 3794-950981<\/p>\n<p>-U.R.I- SAN LUIS DEL PALMAR: Dlio. Eugenio F. Ram\u00edrez S\/N(entre San Martin Y J.J. Arce).Tel.3794-492392.<\/p>\n<p>-U.R.II- GOYA: Dlio. Espa\u00f1a N\u00b0 890 Tel.3777-421589<\/p>\n<p>-U.R.III- CURUZU CUATIA: Dlio. Ber\u00f3n de Astrada N\u00b0 490.Tel.3774-422473<\/p>\n<p>-U.R.IV-PASO DE LOS LIBRES: Dlio. Los Ciento Ocho N\u00b01004. Tel.3772-425153<\/p>\n<p>-U.R.V- SANTO TOME: Dlio. Av. San Martin N\u00b0816 Esquina Brasil.Tel.3756-420313<\/p>\n<p>-U.R.VI-ITUZAINGO: Dlio. Bernardino Valle esq. Libertador N\u00b0 1500.Tel.3786-420388<\/p>\n<p>-U.R.VII- SALADAS: Dlio. Leopoldo Lugone N\u00b01190.Tel.3782-422170<br \/>\nHorarios: de 08:00 a 12:00 hs (d\u00edas h\u00e1biles).<\/p>\n<p>DOCUMENTACI\u00d3N A PRESENTAR EN ESTA ETAPA:<\/p>\n<p>\u2022 Una Carpeta colgante de color marr\u00f3n con su correspondiente broche nepaco de pl\u00e1stico colocado.<\/p>\n<p>\u2022 Cartilla de Inscripci\u00f3n y Declaraci\u00f3n Jurada Medica (con firmas certificadas por Escribano Pub. Nac.)<\/p>\n<p>\u2022 Dos fotos 4&#215;4 de frente, fondo de color celeste (una deber\u00e1 estar pegada en la cartilla)<\/p>\n<p>\u2022 Tres (03) Fotocopias del Documento Nacional de Identidad, debidamente certificadas por autoridad Policial.<\/p>\n<p>\u2022 Acta actualizada de Partida de Nacimiento (con c\u00f3digo QR y\/o copia con certificaci\u00f3n original del Registro civil) acompa\u00f1ado de 3 copias certificadas por autoridad policial.<\/p>\n<p>\u2022 Dos (02) fotocopias del T\u00edtulo Anal\u00edtico original de estudios Secundarios o Polimodal, certificadas por la Direcci\u00f3n de Titulo. Se contemplara la recepci\u00f3n de la constancia de finalizaci\u00f3n de estudios secundarios 2025, con la inscripci\u00f3n \u201cNO ADEUDA MATERIAS, expedida por las autoridades del establecimiento donde finalizo su formaci\u00f3n acad\u00e9mica, que deber\u00e1 ser certificada por la Direcci\u00f3n de T\u00edtulos dependiente del Ministerio de Educaci\u00f3n de la provincia; y o verificacion a trav\u00e9s de c\u00f3digo QR, documental que deber\u00e1 presentar INDEFECTIBLEMENTE y es de CAR\u00c1CTER EXCLUYENTE.<\/p>\n<p>\u2022 Certificado original de Buena Conducta expedido por la Polic\u00eda de la Provincia de Corrientes.<\/p>\n<p>* certificado de antecedentes penales expedido por el registro nacional de reincidencia.<\/p>\n<p>\u2022 Fotocopia de carnet y o libreta de vacunas &#8211; con registro de vacunas completas.<\/p>\n<p>\u2022 Fotocopias autenticadas por Escribano P\u00fablico de t\u00edtulo Universitario o Terciario si lo tuviera.<\/p>\n<p>\u2022 Dos (02) constancia de CUIL<\/p>\n<p>\u2022certificado antropom\u00e9tricos: peso, talla, per\u00edmetro abdominal y IMC, expedido por nutricionista o kinesi\u00f3logo actualizado.<\/p>\n<p>LA CARPETA DEBERA SER PRESENTADA CON LAS DOCUMENTACIONES MENCIONADAS, TODAS PERFORADAS EN EL ORDEN QUE SE ENCUENTRAN MENCIONADAS, CON SU CORRESPONDIENTE BROCHE NEPACO COLOCADO (NO DEBERA HABER DOCUMENTACIONES SUELTAS).<\/p>\n<p><strong>LAS CARPETAS INCOMPLETAS O SIN LAS CORRESPONDIENTES CERTIFICACIONES COMO TAMBI\u00c9N LAS CARPETAS QUE NO CUMPLAN CON ALGUNO DE LOS REQUISITOS DE INSCRIPCI\u00d3N NO SER\u00c1N RECEPCIONADAS.<\/strong><\/p>\n<p>Para mayor informaci\u00f3n al respecto, podr\u00e1n dirigirse en forma personal o comunicarse v\u00eda telef\u00f3nica, a las diferentes sedes, tanto en el \u00e1rea capital e interior provincial y que se.detallaron anteriormente.<\/p>\n","protected":false},"excerpt":{"rendered":"<p>SE HALLA ABIERTA LA INSCRIPCION PARA EL \u201cVIII\u00b0 PROMOCION DE ASPIRANTES A CABO DE LA DIVISION ESCUELA DE SUBOFICIALES SGTO. JUAN BAUTISTA CABRAL\u201d DE LA POLICIA DE CORRIENTES Desde el 14 y hasta el 30 de Enero inclusive del presente a\u00f1o 2026, se halla abierta la inscripci\u00f3n para la \u201cVIII\u00b0 Promoci\u00f3n de Aspirantes a Cabo [&hellip;]<\/p>\n","protected":false},"author":4,"featured_media":142315,"comment_status":"closed","ping_status":"closed","sticky":false,"template":"","format":"standard","meta":{"footnotes":""},"categories":[58],"tags":[],"class_list":{"0":"post-142314","1":"post","2":"type-post","3":"status-publish","4":"format-standard","5":"has-post-thumbnail","7":"category-corrientes"},"_links":{"self":[{"href":"https:\/\/revistaesperanzas.com\/web\/wp-json\/wp\/v2\/posts\/142314","targetHints":{"allow":["GET"]}}],"collection":[{"href":"https:\/\/revistaesperanzas.com\/web\/wp-json\/wp\/v2\/posts"}],"about":[{"href":"https:\/\/revistaesperanzas.com\/web\/wp-json\/wp\/v2\/types\/post"}],"author":[{"embeddable":true,"href":"https:\/\/revistaesperanzas.com\/web\/wp-json\/wp\/v2\/users\/4"}],"replies":[{"embeddable":true,"href":"https:\/\/revistaesperanzas.com\/web\/wp-json\/wp\/v2\/comments?post=142314"}],"version-history":[{"count":2,"href":"https:\/\/revistaesperanzas.com\/web\/wp-json\/wp\/v2\/posts\/142314\/revisions"}],"predecessor-version":[{"id":142318,"href":"https:\/\/revistaesperanzas.com\/web\/wp-json\/wp\/v2\/posts\/142314\/revisions\/142318"}],"wp:featuredmedia":[{"embeddable":true,"href":"https:\/\/revistaesperanzas.com\/web\/wp-json\/wp\/v2\/media\/142315"}],"wp:attachment":[{"href":"https:\/\/revistaesperanzas.com\/web\/wp-json\/wp\/v2\/media?parent=142314"}],"wp:term":[{"taxonomy":"category","embeddable":true,"href":"https:\/\/revistaesperanzas.com\/web\/wp-json\/wp\/v2\/categories?post=142314"},{"taxonomy":"post_tag","embeddable":true,"href":"https:\/\/revistaesperanzas.com\/web\/wp-json\/wp\/v2\/tags?post=142314"}],"curies":[{"name":"wp","href":"https:\/\/api.w.org\/{rel}","templated":true}]}}