{"id":142321,"date":"2026-01-13T18:19:24","date_gmt":"2026-01-13T21:19:24","guid":{"rendered":"https:\/\/revistaesperanzas.com\/web\/?p=142321"},"modified":"2026-01-13T18:19:24","modified_gmt":"2026-01-13T21:19:24","slug":"chocan-dos-motos-una-mujer-y-un-menor-heridos-y-el-otro-se-dio-a-la-fuga","status":"publish","type":"post","link":"https:\/\/revistaesperanzas.com\/web\/2026\/01\/chocan-dos-motos-una-mujer-y-un-menor-heridos-y-el-otro-se-dio-a-la-fuga\/","title":{"rendered":"CHOCAN DOS MOTOS: UNA MUJER Y UN MENOR HERIDOS Y EL OTRO SE DI\u00d3 A LA FUGA"},"content":{"rendered":"<p>SALADAS &#8211; Una mujer y un menor de edad resultaron lesionados, tras protagonizar un siniestro vial<\/p>\n<p>En horas de la siesta del pasado 11-01-26, efectivo policiales de la Comisar\u00eda de Distrito Primera de Saladas, habr\u00edan tomado conocimiento de un siniestro vial, el cual, aparentemente, tuvo como protagonistas a dos motocicletas, d\u00f3nde uno de los rodados se habr\u00eda dado a la fuga.<\/p>\n<p>Seg\u00fan la informaci\u00f3n preliminar obtenida, el siniestro se registr\u00f3 por calles Sarmiento y Sargento Cabral de la citada localidad, alrededor de las 14:30 horas, d\u00f3nde por causas y circunstancias que se investigan habr\u00edan colisionado, una motocicleta -marca Motomel- conducida por una mujer &#8211; de 33 a\u00f1os de edad- qui\u00e9n ten\u00eda como acompa\u00f1ante a un menor de edad y un segundo rodado, que aparentemente se hab\u00eda retirado del lugar, tras ocurrir el hecho. Por lo que, es materia de investigaci\u00f3n, la averiguacion de la identidad del mismo. En tanto, los ocupantes de la primer motocicleta fueron auxiliados y trasladados al hospital local, d\u00f3nde determinaron que poseen lesiones de consideraci\u00f3n.<\/p>\n<p>En el lugar se realizaron las diligencias correspondientes con la intervenci\u00f3n de la unidad fiscal en turno, en tanto, en la citada dependencia se continuaron con los tr\u00e1mites de rigor.<\/p>\n","protected":false},"excerpt":{"rendered":"<p>SALADAS &#8211; Una mujer y un menor de edad resultaron lesionados, tras protagonizar un siniestro vial En horas de la siesta del pasado 11-01-26, efectivo policiales de la Comisar\u00eda de Distrito Primera de Saladas, habr\u00edan tomado conocimiento de un siniestro vial, el cual, aparentemente, tuvo como protagonistas a dos motocicletas, d\u00f3nde uno de los rodados [&hellip;]<\/p>\n","protected":false},"author":4,"featured_media":142322,"comment_status":"closed","ping_status":"closed","sticky":false,"template":"","format":"standard","meta":{"footnotes":""},"categories":[58],"tags":[],"class_list":{"0":"post-142321","1":"post","2":"type-post","3":"status-publish","4":"format-standard","5":"has-post-thumbnail","7":"category-corrientes"},"_links":{"self":[{"href":"https:\/\/revistaesperanzas.com\/web\/wp-json\/wp\/v2\/posts\/142321","targetHints":{"allow":["GET"]}}],"collection":[{"href":"https:\/\/revistaesperanzas.com\/web\/wp-json\/wp\/v2\/posts"}],"about":[{"href":"https:\/\/revistaesperanzas.com\/web\/wp-json\/wp\/v2\/types\/post"}],"author":[{"embeddable":true,"href":"https:\/\/revistaesperanzas.com\/web\/wp-json\/wp\/v2\/users\/4"}],"replies":[{"embeddable":true,"href":"https:\/\/revistaesperanzas.com\/web\/wp-json\/wp\/v2\/comments?post=142321"}],"version-history":[{"count":1,"href":"https:\/\/revistaesperanzas.com\/web\/wp-json\/wp\/v2\/posts\/142321\/revisions"}],"predecessor-version":[{"id":142323,"href":"https:\/\/revistaesperanzas.com\/web\/wp-json\/wp\/v2\/posts\/142321\/revisions\/142323"}],"wp:featuredmedia":[{"embeddable":true,"href":"https:\/\/revistaesperanzas.com\/web\/wp-json\/wp\/v2\/media\/142322"}],"wp:attachment":[{"href":"https:\/\/revistaesperanzas.com\/web\/wp-json\/wp\/v2\/media?parent=142321"}],"wp:term":[{"taxonomy":"category","embeddable":true,"href":"https:\/\/revistaesperanzas.com\/web\/wp-json\/wp\/v2\/categories?post=142321"},{"taxonomy":"post_tag","embeddable":true,"href":"https:\/\/revistaesperanzas.com\/web\/wp-json\/wp\/v2\/tags?post=142321"}],"curies":[{"name":"wp","href":"https:\/\/api.w.org\/{rel}","templated":true}]}}