{"id":142341,"date":"2026-01-14T13:12:51","date_gmt":"2026-01-14T16:12:51","guid":{"rendered":"https:\/\/revistaesperanzas.com\/web\/?p=142341"},"modified":"2026-01-14T13:12:51","modified_gmt":"2026-01-14T16:12:51","slug":"en-un-allanamiento-la-policia-detiene-a-un-ciudadano-con-pedido-de-captura-por-la-policia-de-bs-as","status":"publish","type":"post","link":"https:\/\/revistaesperanzas.com\/web\/2026\/01\/en-un-allanamiento-la-policia-detiene-a-un-ciudadano-con-pedido-de-captura-por-la-policia-de-bs-as\/","title":{"rendered":"EN UN ALLANAMIENTO, LA POLIC\u00cdA DETIENE A UN CIUDADANO CON PEDIDO DE CAPTURA POR LA POLIC\u00cdA DE BS AS"},"content":{"rendered":"<p>GOYA\u00a0 &#8211;\u00a0 Diligenciando una orden de allanamiento, la Polic\u00eda realiz\u00f3 la detenci\u00f3n de un hombre que tenia pedido de captura activo por parte de las autoridades de la provincia de Buenos Aires.<\/p>\n<p>En la jornada DEL 13-01-26, efectivos policiales de la Comisaria de Distrito Primera de Goya, en colaboraci\u00f3n a las autoridades judiciales intervinientes, diligenciando una orden de allanamiento, detuvieron a un hombre con pedido de captura activo, por hallarse presuntamente vinculado a hechos delictivos que se investigan.<\/p>\n<p>El mandato judicial fue diligenciado en una vivienda ubicada por calle Gbor. Pujol de la citada ciudad, donde realizaron la detenci\u00f3n de un hombre mayor de edad, por quien pesaba un pedido de detenci\u00f3n activo por parte de las autoridades de la provincia de Buenos Aires.<\/p>\n<p>Al respecto, el detenido fue puesto a disposici\u00f3n de la justicia y trasladado a la citada dependencia, donde se continuaron con los tramites de rigor.<\/p>\n","protected":false},"excerpt":{"rendered":"<p>GOYA\u00a0 &#8211;\u00a0 Diligenciando una orden de allanamiento, la Polic\u00eda realiz\u00f3 la detenci\u00f3n de un hombre que tenia pedido de captura activo por parte de las autoridades de la provincia de Buenos Aires. En la jornada DEL 13-01-26, efectivos policiales de la Comisaria de Distrito Primera de Goya, en colaboraci\u00f3n a las autoridades judiciales intervinientes, diligenciando [&hellip;]<\/p>\n","protected":false},"author":4,"featured_media":142342,"comment_status":"closed","ping_status":"closed","sticky":false,"template":"","format":"standard","meta":{"footnotes":""},"categories":[45],"tags":[],"class_list":{"0":"post-142341","1":"post","2":"type-post","3":"status-publish","4":"format-standard","5":"has-post-thumbnail","7":"category-locales"},"_links":{"self":[{"href":"https:\/\/revistaesperanzas.com\/web\/wp-json\/wp\/v2\/posts\/142341","targetHints":{"allow":["GET"]}}],"collection":[{"href":"https:\/\/revistaesperanzas.com\/web\/wp-json\/wp\/v2\/posts"}],"about":[{"href":"https:\/\/revistaesperanzas.com\/web\/wp-json\/wp\/v2\/types\/post"}],"author":[{"embeddable":true,"href":"https:\/\/revistaesperanzas.com\/web\/wp-json\/wp\/v2\/users\/4"}],"replies":[{"embeddable":true,"href":"https:\/\/revistaesperanzas.com\/web\/wp-json\/wp\/v2\/comments?post=142341"}],"version-history":[{"count":1,"href":"https:\/\/revistaesperanzas.com\/web\/wp-json\/wp\/v2\/posts\/142341\/revisions"}],"predecessor-version":[{"id":142343,"href":"https:\/\/revistaesperanzas.com\/web\/wp-json\/wp\/v2\/posts\/142341\/revisions\/142343"}],"wp:featuredmedia":[{"embeddable":true,"href":"https:\/\/revistaesperanzas.com\/web\/wp-json\/wp\/v2\/media\/142342"}],"wp:attachment":[{"href":"https:\/\/revistaesperanzas.com\/web\/wp-json\/wp\/v2\/media?parent=142341"}],"wp:term":[{"taxonomy":"category","embeddable":true,"href":"https:\/\/revistaesperanzas.com\/web\/wp-json\/wp\/v2\/categories?post=142341"},{"taxonomy":"post_tag","embeddable":true,"href":"https:\/\/revistaesperanzas.com\/web\/wp-json\/wp\/v2\/tags?post=142341"}],"curies":[{"name":"wp","href":"https:\/\/api.w.org\/{rel}","templated":true}]}}