{"id":142344,"date":"2026-01-14T13:19:44","date_gmt":"2026-01-14T16:19:44","guid":{"rendered":"https:\/\/revistaesperanzas.com\/web\/?p=142344"},"modified":"2026-01-14T13:19:45","modified_gmt":"2026-01-14T16:19:45","slug":"abigeato-policia-de-corrientes-recupera-59-animales-vacunos","status":"publish","type":"post","link":"https:\/\/revistaesperanzas.com\/web\/2026\/01\/abigeato-policia-de-corrientes-recupera-59-animales-vacunos\/","title":{"rendered":"ABIGEATO: POLICIA DE CORRIENTES RECUPERA 59 ANIMALES VACUNOS"},"content":{"rendered":"<p>LA CRUZ\u00a0 &#8211;\u00a0 La Polic\u00eda, tras diligenciar una orden de allanamiento, permiti\u00f3 recuperar 59 animales vacunos vinculados a presuntos hechos de abigeato<a href=\"https:\/\/revistaesperanzas.com\/web\/2026\/01\/abigeato-policia-de-corrientes-recupera-59-animales-vacunos\/whatsapp-image-2026-01-14-at-12-19-38\/\" rel=\"attachment wp-att-142346\"><img loading=\"lazy\" decoding=\"async\" class=\" wp-image-142346 alignleft\" src=\"https:\/\/revistaesperanzas.com\/web\/wp-content\/uploads\/2026\/01\/WhatsApp-Image-2026-01-14-at-12.19.38.jpeg\" alt=\"\" width=\"550\" height=\"450\" srcset=\"https:\/\/revistaesperanzas.com\/web\/wp-content\/uploads\/2026\/01\/WhatsApp-Image-2026-01-14-at-12.19.38.jpeg 599w, https:\/\/revistaesperanzas.com\/web\/wp-content\/uploads\/2026\/01\/WhatsApp-Image-2026-01-14-at-12.19.38-513x420.jpeg 513w\" sizes=\"auto, (max-width: 550px) 100vw, 550px\" \/><\/a><\/p>\n<p>En la jornada de ayer 13-01-26, efectivos de la Unidad Especial de Seguridad Rural y Ecol\u00f3gica con asiento en La Cruz, Virasoro y Desiderio Sosa, junto con personal de la Comisar\u00eda de La Cruz, y en colaboraci\u00f3n con la Unidad Fiscal Rural interviniente, llevaron adelante diligencias investigativas en el marco de presuntos hechos de abigeato, logrando el secuestro y recuperaci\u00f3n de animales vacunos.<\/p>\n<p>Como resultado de las tareas de investigaci\u00f3n desarrolladas y de un intenso trabajo<a href=\"https:\/\/revistaesperanzas.com\/web\/2026\/01\/abigeato-policia-de-corrientes-recupera-59-animales-vacunos\/whatsapp-image-2026-01-14-at-12-19-38-1\/\" rel=\"attachment wp-att-142347\"><img loading=\"lazy\" decoding=\"async\" class=\" wp-image-142347 alignright\" src=\"https:\/\/revistaesperanzas.com\/web\/wp-content\/uploads\/2026\/01\/WhatsApp-Image-2026-01-14-at-12.19.38-1.jpeg\" alt=\"\" width=\"550\" height=\"385\" srcset=\"https:\/\/revistaesperanzas.com\/web\/wp-content\/uploads\/2026\/01\/WhatsApp-Image-2026-01-14-at-12.19.38-1.jpeg 600w, https:\/\/revistaesperanzas.com\/web\/wp-content\/uploads\/2026\/01\/WhatsApp-Image-2026-01-14-at-12.19.38-1-100x70.jpeg 100w\" sizes=\"auto, (max-width: 550px) 100vw, 550px\" \/><\/a> conjunto, se obtuvo una orden judicial de allanamiento que fue diligenciada en una estancia ubicada en el paraje San Gabriel, en cuyo lugar se procedi\u00f3 al secuestro de 59 animales vacunos, entre ellos vacas, novillos y terneros.<\/p>\n<p>Los animales recuperados fueron trasladados a la Sociedad Rural de La Cruz, donde quedaron bajo resguardo, a fin de continuar con las actuaciones correspondientes y la verificaci\u00f3n de su procedencia.<a href=\"https:\/\/revistaesperanzas.com\/web\/2026\/01\/abigeato-policia-de-corrientes-recupera-59-animales-vacunos\/whatsapp-image-2026-01-14-at-12-19-37\/\" rel=\"attachment wp-att-142348\"><img loading=\"lazy\" decoding=\"async\" class=\" wp-image-142348 alignleft\" src=\"https:\/\/revistaesperanzas.com\/web\/wp-content\/uploads\/2026\/01\/WhatsApp-Image-2026-01-14-at-12.19.37.jpeg\" alt=\"\" width=\"551\" height=\"517\" srcset=\"https:\/\/revistaesperanzas.com\/web\/wp-content\/uploads\/2026\/01\/WhatsApp-Image-2026-01-14-at-12.19.37.jpeg 599w, https:\/\/revistaesperanzas.com\/web\/wp-content\/uploads\/2026\/01\/WhatsApp-Image-2026-01-14-at-12.19.37-448x420.jpeg 448w\" sizes=\"auto, (max-width: 551px) 100vw, 551px\" \/><\/a><\/p>\n<p>Cabe se\u00f1alar que, en el marco de esta misma causa y como resultado de los distintos procedimientos realizados, ya se ha logrado el secuestro y recupero de m\u00e1s de 200 cabezas de ganado, avanzando de manera significativa en el esclarecimiento de los hechos investigados.<\/p>\n","protected":false},"excerpt":{"rendered":"<p>LA CRUZ\u00a0 &#8211;\u00a0 La Polic\u00eda, tras diligenciar una orden de allanamiento, permiti\u00f3 recuperar 59 animales vacunos vinculados a presuntos hechos de abigeato En la jornada de ayer 13-01-26, efectivos de la Unidad Especial de Seguridad Rural y Ecol\u00f3gica con asiento en La Cruz, Virasoro y Desiderio Sosa, junto con personal de la Comisar\u00eda de La [&hellip;]<\/p>\n","protected":false},"author":4,"featured_media":142345,"comment_status":"closed","ping_status":"closed","sticky":false,"template":"","format":"standard","meta":{"footnotes":""},"categories":[58],"tags":[],"class_list":{"0":"post-142344","1":"post","2":"type-post","3":"status-publish","4":"format-standard","5":"has-post-thumbnail","7":"category-corrientes"},"_links":{"self":[{"href":"https:\/\/revistaesperanzas.com\/web\/wp-json\/wp\/v2\/posts\/142344","targetHints":{"allow":["GET"]}}],"collection":[{"href":"https:\/\/revistaesperanzas.com\/web\/wp-json\/wp\/v2\/posts"}],"about":[{"href":"https:\/\/revistaesperanzas.com\/web\/wp-json\/wp\/v2\/types\/post"}],"author":[{"embeddable":true,"href":"https:\/\/revistaesperanzas.com\/web\/wp-json\/wp\/v2\/users\/4"}],"replies":[{"embeddable":true,"href":"https:\/\/revistaesperanzas.com\/web\/wp-json\/wp\/v2\/comments?post=142344"}],"version-history":[{"count":2,"href":"https:\/\/revistaesperanzas.com\/web\/wp-json\/wp\/v2\/posts\/142344\/revisions"}],"predecessor-version":[{"id":142350,"href":"https:\/\/revistaesperanzas.com\/web\/wp-json\/wp\/v2\/posts\/142344\/revisions\/142350"}],"wp:featuredmedia":[{"embeddable":true,"href":"https:\/\/revistaesperanzas.com\/web\/wp-json\/wp\/v2\/media\/142345"}],"wp:attachment":[{"href":"https:\/\/revistaesperanzas.com\/web\/wp-json\/wp\/v2\/media?parent=142344"}],"wp:term":[{"taxonomy":"category","embeddable":true,"href":"https:\/\/revistaesperanzas.com\/web\/wp-json\/wp\/v2\/categories?post=142344"},{"taxonomy":"post_tag","embeddable":true,"href":"https:\/\/revistaesperanzas.com\/web\/wp-json\/wp\/v2\/tags?post=142344"}],"curies":[{"name":"wp","href":"https:\/\/api.w.org\/{rel}","templated":true}]}}