{"id":142351,"date":"2026-01-14T13:23:28","date_gmt":"2026-01-14T16:23:28","guid":{"rendered":"https:\/\/revistaesperanzas.com\/web\/?p=142351"},"modified":"2026-01-14T13:23:28","modified_gmt":"2026-01-14T16:23:28","slug":"continua-en-la-provincia-el-estricto-control-en-carnicerias","status":"publish","type":"post","link":"https:\/\/revistaesperanzas.com\/web\/2026\/01\/continua-en-la-provincia-el-estricto-control-en-carnicerias\/","title":{"rendered":"CONTINUA EN LA PROVINCIA EL ESTRICTO CONTROL EN CARNICER\u00cdAS"},"content":{"rendered":"<p>LAVALLE\u00a0 &#8211;\u00a0 Se intensifican los controles en carnicer\u00edas en el interior provincial<a href=\"https:\/\/revistaesperanzas.com\/web\/2026\/01\/continua-en-la-provincia-el-estricto-control-en-carnicerias\/whatsapp-image-2026-01-14-at-12-20-12\/\" rel=\"attachment wp-att-142353\"><img loading=\"lazy\" decoding=\"async\" class=\" wp-image-142353 alignleft\" src=\"https:\/\/revistaesperanzas.com\/web\/wp-content\/uploads\/2026\/01\/WhatsApp-Image-2026-01-14-at-12.20.12.jpeg\" alt=\"\" width=\"420\" height=\"558\" srcset=\"https:\/\/revistaesperanzas.com\/web\/wp-content\/uploads\/2026\/01\/WhatsApp-Image-2026-01-14-at-12.20.12.jpeg 600w, https:\/\/revistaesperanzas.com\/web\/wp-content\/uploads\/2026\/01\/WhatsApp-Image-2026-01-14-at-12.20.12-316x420.jpeg 316w\" sizes=\"auto, (max-width: 420px) 100vw, 420px\" \/><\/a><\/p>\n<p>Efectivos de la Polic\u00eda Rural y Ecol\u00f3gica de Lavalle realizaron un operativo de contralor en el Paraje Bonete, donde detectaron que una carnicer\u00eda de dicha Localidad, contaba aproximadamente con 180 kilos de carne bufalina sin sellos sanitarios ni control bromatol\u00f3gico correspondiente.<\/p>\n<p>Ante la situaci\u00f3n y por disposici\u00f3n de la unidad fiscal interviniente se inici\u00f3 a una causa por infracci\u00f3n al Art\u00edculo 206 del C\u00f3digo Penal Argentino, tras la entrega voluntaria del producto por parte del propietario del comercio.<\/p>\n<p>Al respecto, la carne secuestrada fue trasladada hasta la citada dependencia policial donde se contin\u00faan con las diligencias de rigor.<\/p>\n","protected":false},"excerpt":{"rendered":"<p>LAVALLE\u00a0 &#8211;\u00a0 Se intensifican los controles en carnicer\u00edas en el interior provincial Efectivos de la Polic\u00eda Rural y Ecol\u00f3gica de Lavalle realizaron un operativo de contralor en el Paraje Bonete, donde detectaron que una carnicer\u00eda de dicha Localidad, contaba aproximadamente con 180 kilos de carne bufalina sin sellos sanitarios ni control bromatol\u00f3gico correspondiente. Ante la [&hellip;]<\/p>\n","protected":false},"author":4,"featured_media":142352,"comment_status":"closed","ping_status":"closed","sticky":false,"template":"","format":"standard","meta":{"footnotes":""},"categories":[58],"tags":[],"class_list":{"0":"post-142351","1":"post","2":"type-post","3":"status-publish","4":"format-standard","5":"has-post-thumbnail","7":"category-corrientes"},"_links":{"self":[{"href":"https:\/\/revistaesperanzas.com\/web\/wp-json\/wp\/v2\/posts\/142351","targetHints":{"allow":["GET"]}}],"collection":[{"href":"https:\/\/revistaesperanzas.com\/web\/wp-json\/wp\/v2\/posts"}],"about":[{"href":"https:\/\/revistaesperanzas.com\/web\/wp-json\/wp\/v2\/types\/post"}],"author":[{"embeddable":true,"href":"https:\/\/revistaesperanzas.com\/web\/wp-json\/wp\/v2\/users\/4"}],"replies":[{"embeddable":true,"href":"https:\/\/revistaesperanzas.com\/web\/wp-json\/wp\/v2\/comments?post=142351"}],"version-history":[{"count":2,"href":"https:\/\/revistaesperanzas.com\/web\/wp-json\/wp\/v2\/posts\/142351\/revisions"}],"predecessor-version":[{"id":142355,"href":"https:\/\/revistaesperanzas.com\/web\/wp-json\/wp\/v2\/posts\/142351\/revisions\/142355"}],"wp:featuredmedia":[{"embeddable":true,"href":"https:\/\/revistaesperanzas.com\/web\/wp-json\/wp\/v2\/media\/142352"}],"wp:attachment":[{"href":"https:\/\/revistaesperanzas.com\/web\/wp-json\/wp\/v2\/media?parent=142351"}],"wp:term":[{"taxonomy":"category","embeddable":true,"href":"https:\/\/revistaesperanzas.com\/web\/wp-json\/wp\/v2\/categories?post=142351"},{"taxonomy":"post_tag","embeddable":true,"href":"https:\/\/revistaesperanzas.com\/web\/wp-json\/wp\/v2\/tags?post=142351"}],"curies":[{"name":"wp","href":"https:\/\/api.w.org\/{rel}","templated":true}]}}