{"id":142356,"date":"2026-01-14T13:27:54","date_gmt":"2026-01-14T16:27:54","guid":{"rendered":"https:\/\/revistaesperanzas.com\/web\/?p=142356"},"modified":"2026-01-14T13:27:54","modified_gmt":"2026-01-14T16:27:54","slug":"detienen-a-dos-personas-que-transportaban-carne-sin-las-medidas-sanitarias-correspondientes","status":"publish","type":"post","link":"https:\/\/revistaesperanzas.com\/web\/2026\/01\/detienen-a-dos-personas-que-transportaban-carne-sin-las-medidas-sanitarias-correspondientes\/","title":{"rendered":"DETIENEN A DOS PERSONAS QUE TRANSPORTABAN CARNE SIN LAS MEDIDAS SANITARIAS CORRESPONDIENTES"},"content":{"rendered":"<p>SAN ROQUE\u00a0 &#8211;\u00a0 En tareas de contralor, la polic\u00eda demoro a dos hombres que transportaban carne bovina sin las medidas sanitarias correspondientes.<\/p>\n<p>En la jornada de ayer 13-01-26, efectivos policiales de la Unidad Especial de Seguridad Rural y Ecol\u00f3gica de San Roque, en el marco de operativos de control y prevenci\u00f3n, interceptaron una camioneta sobre Ruta Provincial N\u00b022, que transportaba carne faenada de manera ilegal sin las medidas sanitarias correspondientes.<\/p>\n<p>Durante el procedimiento, se detuvo la marcha de una camioneta -marca Toyota modelo Hilux-, la cual ten\u00eda como ocupantes a dos hombres -mayores de edad-, quienes trasladaban aproximadamente 330 kilogramos de carne bovina, careciendo de las medidas sanitarias correspondientes y el control bromatol\u00f3gico, no pudiendo adem\u00e1s justificar la procedencia del producto c\u00e1rnico.<\/p>\n<p>Ante esta situaci\u00f3n, se demor\u00f3 a ambos sujetos, como as\u00ed tambi\u00e9n el secuestro del veh\u00edculo y de la carne, siendo trasladados hasta la citada dependencia policial continu\u00e1ndose con los tramites de rigor y quedando adem\u00e1s a disposici\u00f3n de la Justicia, inici\u00e1ndose actuaciones por infracci\u00f3n al Art\u00edculo 206\u00b0 del C\u00f3digo Penal Argentino.<\/p>\n","protected":false},"excerpt":{"rendered":"<p>SAN ROQUE\u00a0 &#8211;\u00a0 En tareas de contralor, la polic\u00eda demoro a dos hombres que transportaban carne bovina sin las medidas sanitarias correspondientes. En la jornada de ayer 13-01-26, efectivos policiales de la Unidad Especial de Seguridad Rural y Ecol\u00f3gica de San Roque, en el marco de operativos de control y prevenci\u00f3n, interceptaron una camioneta sobre [&hellip;]<\/p>\n","protected":false},"author":4,"featured_media":142357,"comment_status":"closed","ping_status":"closed","sticky":false,"template":"","format":"standard","meta":{"footnotes":""},"categories":[45],"tags":[],"class_list":{"0":"post-142356","1":"post","2":"type-post","3":"status-publish","4":"format-standard","5":"has-post-thumbnail","7":"category-locales"},"_links":{"self":[{"href":"https:\/\/revistaesperanzas.com\/web\/wp-json\/wp\/v2\/posts\/142356","targetHints":{"allow":["GET"]}}],"collection":[{"href":"https:\/\/revistaesperanzas.com\/web\/wp-json\/wp\/v2\/posts"}],"about":[{"href":"https:\/\/revistaesperanzas.com\/web\/wp-json\/wp\/v2\/types\/post"}],"author":[{"embeddable":true,"href":"https:\/\/revistaesperanzas.com\/web\/wp-json\/wp\/v2\/users\/4"}],"replies":[{"embeddable":true,"href":"https:\/\/revistaesperanzas.com\/web\/wp-json\/wp\/v2\/comments?post=142356"}],"version-history":[{"count":1,"href":"https:\/\/revistaesperanzas.com\/web\/wp-json\/wp\/v2\/posts\/142356\/revisions"}],"predecessor-version":[{"id":142358,"href":"https:\/\/revistaesperanzas.com\/web\/wp-json\/wp\/v2\/posts\/142356\/revisions\/142358"}],"wp:featuredmedia":[{"embeddable":true,"href":"https:\/\/revistaesperanzas.com\/web\/wp-json\/wp\/v2\/media\/142357"}],"wp:attachment":[{"href":"https:\/\/revistaesperanzas.com\/web\/wp-json\/wp\/v2\/media?parent=142356"}],"wp:term":[{"taxonomy":"category","embeddable":true,"href":"https:\/\/revistaesperanzas.com\/web\/wp-json\/wp\/v2\/categories?post=142356"},{"taxonomy":"post_tag","embeddable":true,"href":"https:\/\/revistaesperanzas.com\/web\/wp-json\/wp\/v2\/tags?post=142356"}],"curies":[{"name":"wp","href":"https:\/\/api.w.org\/{rel}","templated":true}]}}