{"id":142359,"date":"2026-01-14T13:31:07","date_gmt":"2026-01-14T16:31:07","guid":{"rendered":"https:\/\/revistaesperanzas.com\/web\/?p=142359"},"modified":"2026-01-14T13:31:07","modified_gmt":"2026-01-14T16:31:07","slug":"segunda-etapa-el-ipt-entrega-insumos","status":"publish","type":"post","link":"https:\/\/revistaesperanzas.com\/web\/2026\/01\/segunda-etapa-el-ipt-entrega-insumos\/","title":{"rendered":"SEGUNDA ETAPA: EL IPT ENTREGA INSUMOS"},"content":{"rendered":"<p style=\"font-weight: 400;\">El IPT realiza la entrega de insumos, segunda etapa<\/p>\n<p style=\"font-weight: 400;\">Este mi\u00e9rcoles 14 y hasta el 23 de enero se inicia el segundo tramo de entrega de insumos, inform\u00f3 el \u00e1rea Producci\u00f3n del Instituto Provincial del Tabaco. En esta etapa se trata de carpas y medias sombras. Los productores pueden solicitar turnos de lunes a viernes por mensajes de WhatsApp al 3777 \u2013 643937.<\/p>\n","protected":false},"excerpt":{"rendered":"<p>El IPT realiza la entrega de insumos, segunda etapa Este mi\u00e9rcoles 14 y hasta el 23 de enero se inicia el segundo tramo de entrega de insumos, inform\u00f3 el \u00e1rea Producci\u00f3n del Instituto Provincial del Tabaco. En esta etapa se trata de carpas y medias sombras. Los productores pueden solicitar turnos de lunes a viernes [&hellip;]<\/p>\n","protected":false},"author":4,"featured_media":142360,"comment_status":"closed","ping_status":"closed","sticky":false,"template":"","format":"standard","meta":{"footnotes":""},"categories":[45],"tags":[],"class_list":{"0":"post-142359","1":"post","2":"type-post","3":"status-publish","4":"format-standard","5":"has-post-thumbnail","7":"category-locales"},"_links":{"self":[{"href":"https:\/\/revistaesperanzas.com\/web\/wp-json\/wp\/v2\/posts\/142359","targetHints":{"allow":["GET"]}}],"collection":[{"href":"https:\/\/revistaesperanzas.com\/web\/wp-json\/wp\/v2\/posts"}],"about":[{"href":"https:\/\/revistaesperanzas.com\/web\/wp-json\/wp\/v2\/types\/post"}],"author":[{"embeddable":true,"href":"https:\/\/revistaesperanzas.com\/web\/wp-json\/wp\/v2\/users\/4"}],"replies":[{"embeddable":true,"href":"https:\/\/revistaesperanzas.com\/web\/wp-json\/wp\/v2\/comments?post=142359"}],"version-history":[{"count":1,"href":"https:\/\/revistaesperanzas.com\/web\/wp-json\/wp\/v2\/posts\/142359\/revisions"}],"predecessor-version":[{"id":142361,"href":"https:\/\/revistaesperanzas.com\/web\/wp-json\/wp\/v2\/posts\/142359\/revisions\/142361"}],"wp:featuredmedia":[{"embeddable":true,"href":"https:\/\/revistaesperanzas.com\/web\/wp-json\/wp\/v2\/media\/142360"}],"wp:attachment":[{"href":"https:\/\/revistaesperanzas.com\/web\/wp-json\/wp\/v2\/media?parent=142359"}],"wp:term":[{"taxonomy":"category","embeddable":true,"href":"https:\/\/revistaesperanzas.com\/web\/wp-json\/wp\/v2\/categories?post=142359"},{"taxonomy":"post_tag","embeddable":true,"href":"https:\/\/revistaesperanzas.com\/web\/wp-json\/wp\/v2\/tags?post=142359"}],"curies":[{"name":"wp","href":"https:\/\/api.w.org\/{rel}","templated":true}]}}