{"id":142369,"date":"2026-01-14T13:48:13","date_gmt":"2026-01-14T16:48:13","guid":{"rendered":"https:\/\/revistaesperanzas.com\/web\/?p=142369"},"modified":"2026-01-14T13:48:13","modified_gmt":"2026-01-14T16:48:13","slug":"parque-acuatico-ya-atrajo-a-18-mil-visitantes","status":"publish","type":"post","link":"https:\/\/revistaesperanzas.com\/web\/2026\/01\/parque-acuatico-ya-atrajo-a-18-mil-visitantes\/","title":{"rendered":"PARQUE ACU\u00c1TICO YA ATRAJO A 18 MIL VISITANTES"},"content":{"rendered":"<p style=\"font-weight: 400;\">El secretario de turismo, Sebasti\u00e1n Candia, resalt\u00f3 el \u00e9xito del parque acu\u00e1tico, que ha recibido a 18 mil visitantes en lo que va del a\u00f1o. Tambi\u00e9n destac\u00f3 las inversiones realizadas en el Parque Acu\u00e1tico y la Costanera Norte de Goya, con el objetivo de ofrecer espacios de calidad para los vecinos y turistas durante el verano.<a href=\"https:\/\/revistaesperanzas.com\/web\/2026\/01\/parque-acuatico-ya-atrajo-a-18-mil-visitantes\/parque-acuatico-goya-flyr-1-habilitado-martes-ilustracion-nota-a-secretario-turismo\/\" rel=\"attachment wp-att-142371\"><img loading=\"lazy\" decoding=\"async\" class=\" wp-image-142371 alignleft\" src=\"https:\/\/revistaesperanzas.com\/web\/wp-content\/uploads\/2026\/01\/Parque-acuatico-Goya-flyr-1-habilitado-martes-ilustracion-nota-a-Secretario-Turismo.jpg\" alt=\"\" width=\"401\" height=\"281\" srcset=\"https:\/\/revistaesperanzas.com\/web\/wp-content\/uploads\/2026\/01\/Parque-acuatico-Goya-flyr-1-habilitado-martes-ilustracion-nota-a-Secretario-Turismo.jpg 599w, https:\/\/revistaesperanzas.com\/web\/wp-content\/uploads\/2026\/01\/Parque-acuatico-Goya-flyr-1-habilitado-martes-ilustracion-nota-a-Secretario-Turismo-100x70.jpg 100w\" sizes=\"auto, (max-width: 401px) 100vw, 401px\" \/><\/a><\/p>\n<p style=\"font-weight: 400;\">DE MARTES A DOMINGO HABILITADO<\/p>\n<p style=\"font-weight: 400;\">&#8220;El Parque funciona muy bien, tenemos unas 18 mil personas que visitaron en lo que va del a\u00f1o,&#8221; coment\u00f3 Candia. &#8220;Est\u00e1 activo, est\u00e1 abierto de martes a domingo o feriados con la particularidad de que de martes a jueves est\u00e1 la escuela de verano que tiene un rol social muy grande.&#8221;<a href=\"https:\/\/revistaesperanzas.com\/web\/2026\/01\/parque-acuatico-ya-atrajo-a-18-mil-visitantes\/parque-acuatico-goya-flyr-3-miercoles-horario-ilustracion-nota-a-secretario-turismo\/\" rel=\"attachment wp-att-142372\"><img loading=\"lazy\" decoding=\"async\" class=\" wp-image-142372 alignright\" src=\"https:\/\/revistaesperanzas.com\/web\/wp-content\/uploads\/2026\/01\/Parque-acuatico-Goya-flyr-3-miercoles-horario-ilustracion-nota-a-Secretario-Turismo.jpg\" alt=\"\" width=\"401\" height=\"281\" srcset=\"https:\/\/revistaesperanzas.com\/web\/wp-content\/uploads\/2026\/01\/Parque-acuatico-Goya-flyr-3-miercoles-horario-ilustracion-nota-a-Secretario-Turismo.jpg 599w, https:\/\/revistaesperanzas.com\/web\/wp-content\/uploads\/2026\/01\/Parque-acuatico-Goya-flyr-3-miercoles-horario-ilustracion-nota-a-Secretario-Turismo-100x70.jpg 100w\" sizes=\"auto, (max-width: 401px) 100vw, 401px\" \/><\/a><\/p>\n<p style=\"font-weight: 400;\">El Parque Acu\u00e1tico cuenta con la colaboraci\u00f3n de diversas \u00e1reas municipales, como la Coordinaci\u00f3n de Discapacidad, la Direcci\u00f3n de Deportes y de Educaci\u00f3n, entre otras.<\/p>\n<p style=\"font-weight: 400;\">&#8220;Siempre cuidando que todo sea accesible para todos los vecinos con un costo m\u00ednimo que nos<a href=\"https:\/\/revistaesperanzas.com\/web\/2026\/01\/parque-acuatico-ya-atrajo-a-18-mil-visitantes\/parque-acuatico-goya-flyr-4-jueves-horario-ilustracion-nota-a-secretario-turismo\/\" rel=\"attachment wp-att-142373\"><img loading=\"lazy\" decoding=\"async\" class=\" wp-image-142373 alignleft\" src=\"https:\/\/revistaesperanzas.com\/web\/wp-content\/uploads\/2026\/01\/Parque-acuatico-Goya-flyr-4-jueves-horario-ilustracion-nota-a-Secretario-Turismo.jpg\" alt=\"\" width=\"400\" height=\"281\" srcset=\"https:\/\/revistaesperanzas.com\/web\/wp-content\/uploads\/2026\/01\/Parque-acuatico-Goya-flyr-4-jueves-horario-ilustracion-nota-a-Secretario-Turismo.jpg 598w, https:\/\/revistaesperanzas.com\/web\/wp-content\/uploads\/2026\/01\/Parque-acuatico-Goya-flyr-4-jueves-horario-ilustracion-nota-a-Secretario-Turismo-100x70.jpg 100w\" sizes=\"auto, (max-width: 400px) 100vw, 400px\" \/><\/a> permita el mantenimiento. Esto no debe ser un gasto, debe ser auto sustentable y estamos trabajando con mucha seriedad en ese sentido,&#8221; afirm\u00f3 el Secretario de Turismo.<\/p>\n<p style=\"font-weight: 400;\">Candia reconoci\u00f3 que mantener el Parque Acu\u00e1tico es un desaf\u00edo diario y pidi\u00f3 disculpas por cualquier inconveniente que puedan haber sufrido los vecinos.<a href=\"https:\/\/revistaesperanzas.com\/web\/2026\/01\/parque-acuatico-ya-atrajo-a-18-mil-visitantes\/parque-acuatico-goya-flyr-5-viernes-horario-ilustracion-nota-a-secretario-turismo\/\" rel=\"attachment wp-att-142374\"><img loading=\"lazy\" decoding=\"async\" class=\" wp-image-142374 alignright\" src=\"https:\/\/revistaesperanzas.com\/web\/wp-content\/uploads\/2026\/01\/Parque-acuatico-Goya-flyr-5-viernes-horario-ilustracion-nota-a-Secretario-Turismo.jpg\" alt=\"\" width=\"400\" height=\"280\" srcset=\"https:\/\/revistaesperanzas.com\/web\/wp-content\/uploads\/2026\/01\/Parque-acuatico-Goya-flyr-5-viernes-horario-ilustracion-nota-a-Secretario-Turismo.jpg 600w, https:\/\/revistaesperanzas.com\/web\/wp-content\/uploads\/2026\/01\/Parque-acuatico-Goya-flyr-5-viernes-horario-ilustracion-nota-a-Secretario-Turismo-100x70.jpg 100w\" sizes=\"auto, (max-width: 400px) 100vw, 400px\" \/><\/a><\/p>\n<p style=\"font-weight: 400;\">&#8220;El parque acu\u00e1tico es de todos los vecinos y no debemos olvidarnos de eso, por eso todo tiene una mirada social, un espacio que demanda mucho trabajo mantenerlo. Sabemos que tenemos deficiencias, pedimos disculpas si alg\u00fan vecino sufri\u00f3 alg\u00fan descontento, mantener ese espacio es realmente dif\u00edcil, un desaf\u00edo diario, pero hay mucho compromiso<a href=\"https:\/\/revistaesperanzas.com\/web\/2026\/01\/parque-acuatico-ya-atrajo-a-18-mil-visitantes\/parque-acuatico-goya-flyr-6-sabado-y-domingo-horario-ilustracion-nota-a-secretario-turismo\/\" rel=\"attachment wp-att-142375\"><img loading=\"lazy\" decoding=\"async\" class=\" wp-image-142375 alignleft\" src=\"https:\/\/revistaesperanzas.com\/web\/wp-content\/uploads\/2026\/01\/Parque-acuatico-Goya-flyr-6-sabado-y-domingo-horario-ilustracion-nota-a-Secretario-Turismo.jpg\" alt=\"\" width=\"400\" height=\"280\" srcset=\"https:\/\/revistaesperanzas.com\/web\/wp-content\/uploads\/2026\/01\/Parque-acuatico-Goya-flyr-6-sabado-y-domingo-horario-ilustracion-nota-a-Secretario-Turismo.jpg 600w, https:\/\/revistaesperanzas.com\/web\/wp-content\/uploads\/2026\/01\/Parque-acuatico-Goya-flyr-6-sabado-y-domingo-horario-ilustracion-nota-a-Secretario-Turismo-100x70.jpg 100w\" sizes=\"auto, (max-width: 400px) 100vw, 400px\" \/><\/a> de los chicos que colaboran conmigo, los chicos de direcci\u00f3n de deportes, guardavidas, tienen un compromiso enorme, hay equipo, como dice el dicho&#8221; sostuvo.<\/p>\n<p style=\"font-weight: 400;\">COSTANERA NORTE: REFACCIONES<\/p>\n<p style=\"font-weight: 400;\">Sobre la Costanera Norte, Candia coment\u00f3: &#8220;Es un espacio al que la gente va naturalmente en estos d\u00edas. Vamos a estar terminando<a href=\"https:\/\/revistaesperanzas.com\/web\/2026\/01\/parque-acuatico-ya-atrajo-a-18-mil-visitantes\/parque-acuatico-goya-flyr-7-tarifa-ilustracion-nota-a-secretario-turismo\/\" rel=\"attachment wp-att-142376\"><img loading=\"lazy\" decoding=\"async\" class=\" wp-image-142376 alignright\" src=\"https:\/\/revistaesperanzas.com\/web\/wp-content\/uploads\/2026\/01\/Parque-acuatico-Goya-flyr-7-tarifa-ilustracion-nota-a-Secretario-Turismo.jpg\" alt=\"\" width=\"400\" height=\"281\" srcset=\"https:\/\/revistaesperanzas.com\/web\/wp-content\/uploads\/2026\/01\/Parque-acuatico-Goya-flyr-7-tarifa-ilustracion-nota-a-Secretario-Turismo.jpg 598w, https:\/\/revistaesperanzas.com\/web\/wp-content\/uploads\/2026\/01\/Parque-acuatico-Goya-flyr-7-tarifa-ilustracion-nota-a-Secretario-Turismo-100x70.jpg 100w\" sizes=\"auto, (max-width: 400px) 100vw, 400px\" \/><\/a> una obra de refacci\u00f3n de los sanitarios, ten\u00edamos pendiente, nos gan\u00f3 el tiempo y vamos a estar terminando el mi\u00e9rcoles o jueves, estar\u00e1 lista la obra, ser\u00e1 una mayor comodidad para los vecinos, la refacci\u00f3n del ba\u00f1o que solicitaban mucho. Es un espacio que se recuper\u00f3, parece lejano, pero hace muy poquito ese espacio es aprovechado por todos los goyanos, gracias a una obra y una ciudad que se pens\u00f3 de cara al r\u00edo&#8221;.<a href=\"https:\/\/revistaesperanzas.com\/web\/2026\/01\/parque-acuatico-ya-atrajo-a-18-mil-visitantes\/parque-acuatico-goya-flyr-8-tarifa-2-ilustracion-nota-a-secretario-turismo\/\" rel=\"attachment wp-att-142377\"><img loading=\"lazy\" decoding=\"async\" class=\" wp-image-142377 alignleft\" src=\"https:\/\/revistaesperanzas.com\/web\/wp-content\/uploads\/2026\/01\/Parque-acuatico-Goya-flyr-8-tarifa-2-ilustracion-nota-a-Secretario-Turismo.jpg\" alt=\"\" width=\"401\" height=\"281\" srcset=\"https:\/\/revistaesperanzas.com\/web\/wp-content\/uploads\/2026\/01\/Parque-acuatico-Goya-flyr-8-tarifa-2-ilustracion-nota-a-Secretario-Turismo.jpg 599w, https:\/\/revistaesperanzas.com\/web\/wp-content\/uploads\/2026\/01\/Parque-acuatico-Goya-flyr-8-tarifa-2-ilustracion-nota-a-Secretario-Turismo-100x70.jpg 100w\" sizes=\"auto, (max-width: 401px) 100vw, 401px\" \/><\/a><\/p>\n<p style=\"font-weight: 400;\">Reconoci\u00f3 que a\u00fan hay trabajo por hacer: &#8220;Si bien falta mucho, hay un camino muy importante hecho en la gesti\u00f3n de Mariano Hormaechea, con bases s\u00f3lidas, obras que vienen para quedarse, obras importantes para la ciudad con iluminaci\u00f3n de primer nivel y la gente lo disfruta&#8221;, dijo y destac\u00f3 el impacto positivo de los eventos en<a href=\"https:\/\/revistaesperanzas.com\/web\/2026\/01\/parque-acuatico-ya-atrajo-a-18-mil-visitantes\/parque-acuatico-goya-flyr-9-colectivo-ilustracion-nota-a-secretario-turismo\/\" rel=\"attachment wp-att-142378\"><img loading=\"lazy\" decoding=\"async\" class=\" wp-image-142378 alignright\" src=\"https:\/\/revistaesperanzas.com\/web\/wp-content\/uploads\/2026\/01\/Parque-acuatico-Goya-flyr-9-colectivo-ilustracion-nota-a-Secretario-Turismo.jpg\" alt=\"\" width=\"400\" height=\"280\" srcset=\"https:\/\/revistaesperanzas.com\/web\/wp-content\/uploads\/2026\/01\/Parque-acuatico-Goya-flyr-9-colectivo-ilustracion-nota-a-Secretario-Turismo.jpg 600w, https:\/\/revistaesperanzas.com\/web\/wp-content\/uploads\/2026\/01\/Parque-acuatico-Goya-flyr-9-colectivo-ilustracion-nota-a-Secretario-Turismo-100x70.jpg 100w\" sizes=\"auto, (max-width: 400px) 100vw, 400px\" \/><\/a> la Costanera: &#8220;Ver lo que fue este fin de semana con \u201cLa Bailanta Chamamecera\u201d el Taco y Suela playero y luego con el lanzamiento de carnavales da la pauta de que hay mucho por hacer y hay necesidad de la gente por tener estos espacios y eso nos motiva y compromete a seguir haciendo&#8221;.<\/p>\n","protected":false},"excerpt":{"rendered":"<p>El secretario de turismo, Sebasti\u00e1n Candia, resalt\u00f3 el \u00e9xito del parque acu\u00e1tico, que ha recibido a 18 mil visitantes en lo que va del a\u00f1o. Tambi\u00e9n destac\u00f3 las inversiones realizadas en el Parque Acu\u00e1tico y la Costanera Norte de Goya, con el objetivo de ofrecer espacios de calidad para los vecinos y turistas durante el [&hellip;]<\/p>\n","protected":false},"author":4,"featured_media":142370,"comment_status":"closed","ping_status":"closed","sticky":false,"template":"","format":"standard","meta":{"footnotes":""},"categories":[45],"tags":[],"class_list":{"0":"post-142369","1":"post","2":"type-post","3":"status-publish","4":"format-standard","5":"has-post-thumbnail","7":"category-locales"},"_links":{"self":[{"href":"https:\/\/revistaesperanzas.com\/web\/wp-json\/wp\/v2\/posts\/142369","targetHints":{"allow":["GET"]}}],"collection":[{"href":"https:\/\/revistaesperanzas.com\/web\/wp-json\/wp\/v2\/posts"}],"about":[{"href":"https:\/\/revistaesperanzas.com\/web\/wp-json\/wp\/v2\/types\/post"}],"author":[{"embeddable":true,"href":"https:\/\/revistaesperanzas.com\/web\/wp-json\/wp\/v2\/users\/4"}],"replies":[{"embeddable":true,"href":"https:\/\/revistaesperanzas.com\/web\/wp-json\/wp\/v2\/comments?post=142369"}],"version-history":[{"count":2,"href":"https:\/\/revistaesperanzas.com\/web\/wp-json\/wp\/v2\/posts\/142369\/revisions"}],"predecessor-version":[{"id":142380,"href":"https:\/\/revistaesperanzas.com\/web\/wp-json\/wp\/v2\/posts\/142369\/revisions\/142380"}],"wp:featuredmedia":[{"embeddable":true,"href":"https:\/\/revistaesperanzas.com\/web\/wp-json\/wp\/v2\/media\/142370"}],"wp:attachment":[{"href":"https:\/\/revistaesperanzas.com\/web\/wp-json\/wp\/v2\/media?parent=142369"}],"wp:term":[{"taxonomy":"category","embeddable":true,"href":"https:\/\/revistaesperanzas.com\/web\/wp-json\/wp\/v2\/categories?post=142369"},{"taxonomy":"post_tag","embeddable":true,"href":"https:\/\/revistaesperanzas.com\/web\/wp-json\/wp\/v2\/tags?post=142369"}],"curies":[{"name":"wp","href":"https:\/\/api.w.org\/{rel}","templated":true}]}}