{"id":142387,"date":"2026-01-14T13:55:35","date_gmt":"2026-01-14T16:55:35","guid":{"rendered":"https:\/\/revistaesperanzas.com\/web\/?p=142387"},"modified":"2026-01-14T13:55:35","modified_gmt":"2026-01-14T16:55:35","slug":"con-venta-de-entradas-se-puso-en-marcha-los-carnavales-goyanos-2026","status":"publish","type":"post","link":"https:\/\/revistaesperanzas.com\/web\/2026\/01\/con-venta-de-entradas-se-puso-en-marcha-los-carnavales-goyanos-2026\/","title":{"rendered":"CON VENTA DE ENTRADAS SE PUSO EN MARCHA LOS CARNAVALES GOYANOS 2026"},"content":{"rendered":"<p style=\"font-weight: 400;\">Los Carnavales Goyanos se desarrollar\u00e1n en el Cors\u00f3dromo de la ciudad, en Predio Costa Surub\u00ed\u00a0las noches del:\u00a0viernes 23 de enero con la Inauguraci\u00f3n oficial. S\u00e1bado 24 de enero: Segunda noche de desfile. S\u00e1bado 31 de enero: Tercera noche de brillo y color. S\u00e1bado 7 de febrero: Gran cierre y ceremonia de premiaci\u00f3n.<\/p>\n<p style=\"font-weight: 400;\">El predio cuenta con tribunas de acceso gratis, tribunas sector preferencial VIP, servicios sanitarios, puestos gastron\u00f3micos, personal de seguridad y asistencia m\u00e9dica durante toda la jornada, garantizando una experiencia c\u00f3moda y segura para el p\u00fablico.<\/p>\n<p style=\"font-weight: 400;\">ENTRADAS<\/p>\n<p style=\"font-weight: 400;\">Mayores de 12 a\u00f1os (General): $5.000<\/p>\n<p style=\"font-weight: 400;\">Tribunas VIP: $15.000 (por orden de llegada, incluye entrada al predio)<\/p>\n<p style=\"font-weight: 400;\">Menores (3 a 12 a\u00f1os), ex combatientes de Malvinas y personas con discapacidad con un acompa\u00f1ante: tienen sin cargo la entrada general. Si quieren ir a las tribunas VIP deber\u00e1n abonar el importe correspondiente.<\/p>\n<p style=\"font-weight: 400;\">Importante: Se solicitar\u00e1 DNI para menores y carnet para ex combatientes.<\/p>\n<p style=\"font-weight: 400;\">Con la adquisici\u00f3n de una entrada general se puede ingresar una vez a cualquiera de las tribunas 5-6-7-8 de acuerdo al espacio disponible en ese momento.<\/p>\n<p style=\"font-weight: 400;\">Asimismo, la entrada general permite el ingreso a un lote en caso de haber adquirido previamente una mesa y silla.<\/p>\n<p style=\"font-weight: 400;\">VENTA DE ENTRADAS SIGUIENTE LINK:<\/p>\n<p style=\"font-weight: 400;\"><a href=\"https:\/\/weepas.ar\/detalle-evento\/Carnavales%20Goya%202026\" data-saferedirecturl=\"https:\/\/www.google.com\/url?q=https:\/\/weepas.ar\/detalle-evento\/Carnavales%2520Goya%25202026&amp;source=gmail&amp;ust=1768493028777000&amp;usg=AOvVaw15Wqh5ZqKl4E2FzuWsmwI0\">https:\/\/weepas.ar\/detalle-evento\/Carnavales%20Goya%202026<\/a><\/p>\n","protected":false},"excerpt":{"rendered":"<p>Los Carnavales Goyanos se desarrollar\u00e1n en el Cors\u00f3dromo de la ciudad, en Predio Costa Surub\u00ed\u00a0las noches del:\u00a0viernes 23 de enero con la Inauguraci\u00f3n oficial. S\u00e1bado 24 de enero: Segunda noche de desfile. S\u00e1bado 31 de enero: Tercera noche de brillo y color. S\u00e1bado 7 de febrero: Gran cierre y ceremonia de premiaci\u00f3n. El predio cuenta [&hellip;]<\/p>\n","protected":false},"author":4,"featured_media":142388,"comment_status":"closed","ping_status":"closed","sticky":false,"template":"","format":"standard","meta":{"footnotes":""},"categories":[45],"tags":[],"class_list":{"0":"post-142387","1":"post","2":"type-post","3":"status-publish","4":"format-standard","5":"has-post-thumbnail","7":"category-locales"},"_links":{"self":[{"href":"https:\/\/revistaesperanzas.com\/web\/wp-json\/wp\/v2\/posts\/142387","targetHints":{"allow":["GET"]}}],"collection":[{"href":"https:\/\/revistaesperanzas.com\/web\/wp-json\/wp\/v2\/posts"}],"about":[{"href":"https:\/\/revistaesperanzas.com\/web\/wp-json\/wp\/v2\/types\/post"}],"author":[{"embeddable":true,"href":"https:\/\/revistaesperanzas.com\/web\/wp-json\/wp\/v2\/users\/4"}],"replies":[{"embeddable":true,"href":"https:\/\/revistaesperanzas.com\/web\/wp-json\/wp\/v2\/comments?post=142387"}],"version-history":[{"count":1,"href":"https:\/\/revistaesperanzas.com\/web\/wp-json\/wp\/v2\/posts\/142387\/revisions"}],"predecessor-version":[{"id":142389,"href":"https:\/\/revistaesperanzas.com\/web\/wp-json\/wp\/v2\/posts\/142387\/revisions\/142389"}],"wp:featuredmedia":[{"embeddable":true,"href":"https:\/\/revistaesperanzas.com\/web\/wp-json\/wp\/v2\/media\/142388"}],"wp:attachment":[{"href":"https:\/\/revistaesperanzas.com\/web\/wp-json\/wp\/v2\/media?parent=142387"}],"wp:term":[{"taxonomy":"category","embeddable":true,"href":"https:\/\/revistaesperanzas.com\/web\/wp-json\/wp\/v2\/categories?post=142387"},{"taxonomy":"post_tag","embeddable":true,"href":"https:\/\/revistaesperanzas.com\/web\/wp-json\/wp\/v2\/tags?post=142387"}],"curies":[{"name":"wp","href":"https:\/\/api.w.org\/{rel}","templated":true}]}}