{"id":142390,"date":"2026-01-14T14:01:16","date_gmt":"2026-01-14T17:01:16","guid":{"rendered":"https:\/\/revistaesperanzas.com\/web\/?p=142390"},"modified":"2026-01-14T14:01:16","modified_gmt":"2026-01-14T17:01:16","slug":"direccion-de-fortalecimiento-familiar-avanza-con-talleres-de-verano-mi-primer-libro-y-ajedrez-en-vacaciones","status":"publish","type":"post","link":"https:\/\/revistaesperanzas.com\/web\/2026\/01\/direccion-de-fortalecimiento-familiar-avanza-con-talleres-de-verano-mi-primer-libro-y-ajedrez-en-vacaciones\/","title":{"rendered":"DIRECCI\u00d3N DE FORTALECIMIENTO FAMILIAR AVANZA CON TALLERES DE VERANO &#8220;MI PRIMER LIBRO&#8221; Y \u201cAJEDREZ EN VACACIONES\u201d"},"content":{"rendered":"<p style=\"font-weight: 400;\">La direcci\u00f3n de Fortalecimiento Familiar y la secretar\u00eda de Educaci\u00f3n han dise\u00f1ado dos actividades una de ellas llamada\u00a0\u00a0 &#8220;MI PRIMER LIBRO&#8221;, taller para ni\u00f1os desde los 12 a 16 a\u00f1os. El entusiasmo de los participantes es lo m\u00e1s destacado de estas jornadas.<a href=\"https:\/\/revistaesperanzas.com\/web\/2026\/01\/direccion-de-fortalecimiento-familiar-avanza-con-talleres-de-verano-mi-primer-libro-y-ajedrez-en-vacaciones\/direccion-de-fortalecimiento-familiar-avanza-con-2-talleres-de-verano1\/\" rel=\"attachment wp-att-142392\"><img loading=\"lazy\" decoding=\"async\" class=\" wp-image-142392 alignleft\" src=\"https:\/\/revistaesperanzas.com\/web\/wp-content\/uploads\/2026\/01\/DIRECCION-DE-FORTALECIMIENTO-FAMILIAR-AVANZA-CON-2-TALLERES-DE-VERANO1.jpg\" alt=\"\" width=\"501\" height=\"351\" srcset=\"https:\/\/revistaesperanzas.com\/web\/wp-content\/uploads\/2026\/01\/DIRECCION-DE-FORTALECIMIENTO-FAMILIAR-AVANZA-CON-2-TALLERES-DE-VERANO1.jpg 599w, https:\/\/revistaesperanzas.com\/web\/wp-content\/uploads\/2026\/01\/DIRECCION-DE-FORTALECIMIENTO-FAMILIAR-AVANZA-CON-2-TALLERES-DE-VERANO1-100x70.jpg 100w\" sizes=\"auto, (max-width: 501px) 100vw, 501px\" \/><\/a><\/p>\n<p style=\"font-weight: 400;\">\u201cMi primer libro\u201d se lleva a cabo todos los martes en la Sede Barrio 9 de Julio, Formosa y Pago Largo, en horario de 17:30 a 18:30.<\/p>\n<p style=\"font-weight: 400;\">&#8220;AJEDREZ EN VACACIONES&#8221;<\/p>\n<p style=\"font-weight: 400;\">Otra de las actividades<a href=\"https:\/\/revistaesperanzas.com\/web\/2026\/01\/direccion-de-fortalecimiento-familiar-avanza-con-talleres-de-verano-mi-primer-libro-y-ajedrez-en-vacaciones\/direccion-de-fortalecimiento-familiar-avanza-con-2-talleres-de-verano2\/\" rel=\"attachment wp-att-142393\"><img loading=\"lazy\" decoding=\"async\" class=\" wp-image-142393 alignright\" src=\"https:\/\/revistaesperanzas.com\/web\/wp-content\/uploads\/2026\/01\/DIRECCION-DE-FORTALECIMIENTO-FAMILIAR-AVANZA-CON-2-TALLERES-DE-VERANO2.jpg\" alt=\"\" width=\"500\" height=\"350\" srcset=\"https:\/\/revistaesperanzas.com\/web\/wp-content\/uploads\/2026\/01\/DIRECCION-DE-FORTALECIMIENTO-FAMILIAR-AVANZA-CON-2-TALLERES-DE-VERANO2.jpg 600w, https:\/\/revistaesperanzas.com\/web\/wp-content\/uploads\/2026\/01\/DIRECCION-DE-FORTALECIMIENTO-FAMILIAR-AVANZA-CON-2-TALLERES-DE-VERANO2-100x70.jpg 100w\" sizes=\"auto, (max-width: 500px) 100vw, 500px\" \/><\/a> planteadas es promover encuentros de Ajedrez, propuesta pedag\u00f3gica y recreativa que en Goya cuenta con much\u00edsimos adeptos al \u201cJuego Ciencia\u201d. Este Taller est\u00e1 dividido en dos grupos: de 8 a 12 a\u00f1os y 13 a 16 a\u00f1os\u00a0Instructores: Mart\u00edn G\u00f3mez y Esteban Ram\u00edrez.<\/p>\n<p style=\"font-weight: 400;\">Lugar: Sede Barrio Matadero, calle Empedrado y Mart\u00edn Fierro los d\u00edas jueves de 17:30 a 18:30 horas.<\/p>\n","protected":false},"excerpt":{"rendered":"<p>La direcci\u00f3n de Fortalecimiento Familiar y la secretar\u00eda de Educaci\u00f3n han dise\u00f1ado dos actividades una de ellas llamada\u00a0\u00a0 &#8220;MI PRIMER LIBRO&#8221;, taller para ni\u00f1os desde los 12 a 16 a\u00f1os. El entusiasmo de los participantes es lo m\u00e1s destacado de estas jornadas. \u201cMi primer libro\u201d se lleva a cabo todos los martes en la Sede [&hellip;]<\/p>\n","protected":false},"author":4,"featured_media":142391,"comment_status":"closed","ping_status":"closed","sticky":false,"template":"","format":"standard","meta":{"footnotes":""},"categories":[45],"tags":[],"class_list":{"0":"post-142390","1":"post","2":"type-post","3":"status-publish","4":"format-standard","5":"has-post-thumbnail","7":"category-locales"},"_links":{"self":[{"href":"https:\/\/revistaesperanzas.com\/web\/wp-json\/wp\/v2\/posts\/142390","targetHints":{"allow":["GET"]}}],"collection":[{"href":"https:\/\/revistaesperanzas.com\/web\/wp-json\/wp\/v2\/posts"}],"about":[{"href":"https:\/\/revistaesperanzas.com\/web\/wp-json\/wp\/v2\/types\/post"}],"author":[{"embeddable":true,"href":"https:\/\/revistaesperanzas.com\/web\/wp-json\/wp\/v2\/users\/4"}],"replies":[{"embeddable":true,"href":"https:\/\/revistaesperanzas.com\/web\/wp-json\/wp\/v2\/comments?post=142390"}],"version-history":[{"count":2,"href":"https:\/\/revistaesperanzas.com\/web\/wp-json\/wp\/v2\/posts\/142390\/revisions"}],"predecessor-version":[{"id":142395,"href":"https:\/\/revistaesperanzas.com\/web\/wp-json\/wp\/v2\/posts\/142390\/revisions\/142395"}],"wp:featuredmedia":[{"embeddable":true,"href":"https:\/\/revistaesperanzas.com\/web\/wp-json\/wp\/v2\/media\/142391"}],"wp:attachment":[{"href":"https:\/\/revistaesperanzas.com\/web\/wp-json\/wp\/v2\/media?parent=142390"}],"wp:term":[{"taxonomy":"category","embeddable":true,"href":"https:\/\/revistaesperanzas.com\/web\/wp-json\/wp\/v2\/categories?post=142390"},{"taxonomy":"post_tag","embeddable":true,"href":"https:\/\/revistaesperanzas.com\/web\/wp-json\/wp\/v2\/tags?post=142390"}],"curies":[{"name":"wp","href":"https:\/\/api.w.org\/{rel}","templated":true}]}}