{"id":142402,"date":"2026-01-14T19:30:15","date_gmt":"2026-01-14T22:30:15","guid":{"rendered":"https:\/\/revistaesperanzas.com\/web\/?p=142402"},"modified":"2026-01-14T19:30:15","modified_gmt":"2026-01-14T22:30:15","slug":"exitosa-convocatoria-para-el-torneo-de-beach-voley-en-goya","status":"publish","type":"post","link":"https:\/\/revistaesperanzas.com\/web\/2026\/01\/exitosa-convocatoria-para-el-torneo-de-beach-voley-en-goya\/","title":{"rendered":"EXITOSA CONVOCATORIA PARA EL TORNEO DE BEACH V\u00d3LEY EN GOYA"},"content":{"rendered":"<p style=\"font-weight: 400;\">57 Duplas ser\u00e1n parte del Torneo de V\u00f3ley Playa en el Inga<\/p>\n<p style=\"font-weight: 400;\">La Liga Goyana de Beach V\u00f3ley ha registrado un notable incremento en la participaci\u00f3n para su torneo de verano, consolidando el inter\u00e9s por esta disciplina en la regi\u00f3n. El certamen, que dar\u00e1 inicio el viernes 16 de enero, contempla categor\u00edas de damas y<a href=\"https:\/\/revistaesperanzas.com\/web\/2026\/01\/exitosa-convocatoria-para-el-torneo-de-beach-voley-en-goya\/voley-playa-en-el-inga-flyr-1\/\" rel=\"attachment wp-att-142404\"><img loading=\"lazy\" decoding=\"async\" class=\" wp-image-142404 alignright\" src=\"https:\/\/revistaesperanzas.com\/web\/wp-content\/uploads\/2026\/01\/Voley-Playa-en-el-Inga-Flyr-1.jpg\" alt=\"\" width=\"450\" height=\"315\" srcset=\"https:\/\/revistaesperanzas.com\/web\/wp-content\/uploads\/2026\/01\/Voley-Playa-en-el-Inga-Flyr-1.jpg 600w, https:\/\/revistaesperanzas.com\/web\/wp-content\/uploads\/2026\/01\/Voley-Playa-en-el-Inga-Flyr-1-100x70.jpg 100w\" sizes=\"auto, (max-width: 450px) 100vw, 450px\" \/><\/a> caballeros libres, as\u00ed como cadetes.<\/p>\n<p style=\"font-weight: 400;\">Las inscripciones, superaron las expectativas iniciales, lo que refleja el creciente atractivo del beach v\u00f3ley en la comunidad goyana.<\/p>\n<p style=\"font-weight: 400;\">57 PAREJAS PARTICIPAN DEL TORNEO<\/p>\n<p style=\"font-weight: 400;\">En declaraciones radiales, Orlando Vallejos, presidente de la Liga Goyana de Beach V\u00f3ley, destac\u00f3 el esfuerzo conjunto con la Direcci\u00f3n de Deportes para impulsar esta iniciativa: &#8220;Hemos trabajado en conjunto con el director de Deportes, Alejandro Lago, para desarrollar un torneo de mayor duraci\u00f3n, que genere entusiasmo y convoque a un p\u00fablico m\u00e1s amplio. El n\u00famero de inscripciones ha superado nuestras previsiones, alcanzando un total de 57 duplas&#8221;.<a href=\"https:\/\/revistaesperanzas.com\/web\/2026\/01\/exitosa-convocatoria-para-el-torneo-de-beach-voley-en-goya\/voley-playa-en-el-inga-flyr-3\/\" rel=\"attachment wp-att-142405\"><img loading=\"lazy\" decoding=\"async\" class=\" wp-image-142405 alignleft\" src=\"https:\/\/revistaesperanzas.com\/web\/wp-content\/uploads\/2026\/01\/Voley-Playa-en-el-Inga-Flyr-3.jpg\" alt=\"\" width=\"451\" height=\"316\" srcset=\"https:\/\/revistaesperanzas.com\/web\/wp-content\/uploads\/2026\/01\/Voley-Playa-en-el-Inga-Flyr-3.jpg 599w, https:\/\/revistaesperanzas.com\/web\/wp-content\/uploads\/2026\/01\/Voley-Playa-en-el-Inga-Flyr-3-100x70.jpg 100w\" sizes=\"auto, (max-width: 451px) 100vw, 451px\" \/><\/a><\/p>\n<p style=\"font-weight: 400;\">El torneo abarca diversas categor\u00edas, incluyendo sub-15 y sub-17, tanto en masculino como en femenino, adem\u00e1s de la primera divisi\u00f3n en sus modalidades masculina, femenina y mixta.<\/p>\n<p style=\"font-weight: 400;\">PROGRAMA Y MODALIDAD DE JUEGO<\/p>\n<p style=\"font-weight: 400;\">Los encuentros se desarrollar\u00e1n en la Playa El Inga, donde se han dispuesto dos canchas iluminadas para facilitar la pr\u00e1ctica nocturna de este deporte. &#8220;El torneo se llevar\u00e1 a cabo los fines de semana, con partidos programados a partir de las 19 horas. En caso de ser necesario, se habilitar\u00e1 una tercera cancha para dar cabida a la totalidad de los participantes&#8221;, explic\u00f3 Vallejos.<a href=\"https:\/\/revistaesperanzas.com\/web\/2026\/01\/exitosa-convocatoria-para-el-torneo-de-beach-voley-en-goya\/voley-playa-en-el-inga-flyr-4\/\" rel=\"attachment wp-att-142406\"><img loading=\"lazy\" decoding=\"async\" class=\" wp-image-142406 alignright\" src=\"https:\/\/revistaesperanzas.com\/web\/wp-content\/uploads\/2026\/01\/Voley-Playa-en-el-Inga-Flyr-4.jpg\" alt=\"\" width=\"451\" height=\"323\" \/><\/a><\/p>\n<p style=\"font-weight: 400;\">El sistema de competici\u00f3n establece partidos al mejor de tres sets, con los dos primeros a 21 puntos y un tercero, en caso de empate, a 15 puntos.<\/p>\n<p style=\"font-weight: 400;\">En cuanto a la programaci\u00f3n, se ha previsto una alternancia de categor\u00edas para dinamizar el desarrollo del torneo. &#8220;Se inicia con la categor\u00eda sub-17 femenina, seguida por la primera divisi\u00f3n masculina y la modalidad mixta&#8221;, precis\u00f3 Vallejos.<\/p>\n<p style=\"font-weight: 400;\">PREMIOS APORTADO POR LA DIRECCI\u00d3N DE DEPORTES<\/p>\n<p style=\"font-weight: 400;\">Este a\u00f1o, la Direcci\u00f3n de Deportes del municipio ha dispuesto premios en efectivo para los<a href=\"https:\/\/revistaesperanzas.com\/web\/2026\/01\/exitosa-convocatoria-para-el-torneo-de-beach-voley-en-goya\/voley-playa-en-el-inga-flyr-5\/\" rel=\"attachment wp-att-142407\"><img loading=\"lazy\" decoding=\"async\" class=\" wp-image-142407 alignleft\" src=\"https:\/\/revistaesperanzas.com\/web\/wp-content\/uploads\/2026\/01\/Voley-Playa-en-el-Inga-Flyr-5.jpg\" alt=\"\" width=\"451\" height=\"316\" srcset=\"https:\/\/revistaesperanzas.com\/web\/wp-content\/uploads\/2026\/01\/Voley-Playa-en-el-Inga-Flyr-5.jpg 599w, https:\/\/revistaesperanzas.com\/web\/wp-content\/uploads\/2026\/01\/Voley-Playa-en-el-Inga-Flyr-5-100x70.jpg 100w\" sizes=\"auto, (max-width: 451px) 100vw, 451px\" \/><\/a> ganadores de la primera divisi\u00f3n en sus tres modalidades. Adicionalmente, se otorgar\u00e1n pasajes a los campeones de primera divisi\u00f3n masculina y femenina para participar en una fecha del circuito nacional. &#8220;Se ha previsto una inversi\u00f3n para garantizar la comodidad de los atletas y promover su participaci\u00f3n en eventos de mayor envergadura&#8221;, se\u00f1al\u00f3 el presidente de la liga.<\/p>\n<p style=\"font-weight: 400;\">Vallejos extendi\u00f3 una invitaci\u00f3n a la comunidad a presenciar los encuentros, destacando el car\u00e1cter gratuito del acceso y el atractivo de esta disciplina deportiva.<a href=\"https:\/\/revistaesperanzas.com\/web\/2026\/01\/exitosa-convocatoria-para-el-torneo-de-beach-voley-en-goya\/voley-playa-en-el-inga-flyr-6\/\" rel=\"attachment wp-att-142408\"><img loading=\"lazy\" decoding=\"async\" class=\" wp-image-142408 alignright\" src=\"https:\/\/revistaesperanzas.com\/web\/wp-content\/uploads\/2026\/01\/Voley-Playa-en-el-Inga-Flyr-6.jpg\" alt=\"\" width=\"449\" height=\"314\" srcset=\"https:\/\/revistaesperanzas.com\/web\/wp-content\/uploads\/2026\/01\/Voley-Playa-en-el-Inga-Flyr-6.jpg 600w, https:\/\/revistaesperanzas.com\/web\/wp-content\/uploads\/2026\/01\/Voley-Playa-en-el-Inga-Flyr-6-100x70.jpg 100w\" sizes=\"auto, (max-width: 449px) 100vw, 449px\" \/><\/a><\/p>\n<p style=\"font-weight: 400;\">\u00c1RBITROS NACIONALES<\/p>\n<p style=\"font-weight: 400;\">En relaci\u00f3n al arbitraje, el torneo cuenta con la participaci\u00f3n de jueces de nivel nacional y provincial, garantizando la correcta aplicaci\u00f3n de las normas y el desarrollo justo de la competici\u00f3n. &#8220;Contamos con la presencia de Exequiel Rodr\u00edguez, \u00e1rbitro nacional con amplia experiencia en el circuito profesional, adem\u00e1s de jueces provinciales en constante actualizaci\u00f3n&#8221;, afirm\u00f3 el dirigente del Beach V\u00f3ley en Goya<\/p>\n<p style=\"font-weight: 400;\">Tambi\u00e9n, el presidente de la Liga explic\u00f3 que la programaci\u00f3n de los partidos se adaptar\u00e1 al calendario de los corsos.<\/p>\n","protected":false},"excerpt":{"rendered":"<p>57 Duplas ser\u00e1n parte del Torneo de V\u00f3ley Playa en el Inga La Liga Goyana de Beach V\u00f3ley ha registrado un notable incremento en la participaci\u00f3n para su torneo de verano, consolidando el inter\u00e9s por esta disciplina en la regi\u00f3n. El certamen, que dar\u00e1 inicio el viernes 16 de enero, contempla categor\u00edas de damas y [&hellip;]<\/p>\n","protected":false},"author":4,"featured_media":142403,"comment_status":"closed","ping_status":"closed","sticky":false,"template":"","format":"standard","meta":{"footnotes":""},"categories":[45],"tags":[],"class_list":{"0":"post-142402","1":"post","2":"type-post","3":"status-publish","4":"format-standard","5":"has-post-thumbnail","7":"category-locales"},"_links":{"self":[{"href":"https:\/\/revistaesperanzas.com\/web\/wp-json\/wp\/v2\/posts\/142402","targetHints":{"allow":["GET"]}}],"collection":[{"href":"https:\/\/revistaesperanzas.com\/web\/wp-json\/wp\/v2\/posts"}],"about":[{"href":"https:\/\/revistaesperanzas.com\/web\/wp-json\/wp\/v2\/types\/post"}],"author":[{"embeddable":true,"href":"https:\/\/revistaesperanzas.com\/web\/wp-json\/wp\/v2\/users\/4"}],"replies":[{"embeddable":true,"href":"https:\/\/revistaesperanzas.com\/web\/wp-json\/wp\/v2\/comments?post=142402"}],"version-history":[{"count":2,"href":"https:\/\/revistaesperanzas.com\/web\/wp-json\/wp\/v2\/posts\/142402\/revisions"}],"predecessor-version":[{"id":142410,"href":"https:\/\/revistaesperanzas.com\/web\/wp-json\/wp\/v2\/posts\/142402\/revisions\/142410"}],"wp:featuredmedia":[{"embeddable":true,"href":"https:\/\/revistaesperanzas.com\/web\/wp-json\/wp\/v2\/media\/142403"}],"wp:attachment":[{"href":"https:\/\/revistaesperanzas.com\/web\/wp-json\/wp\/v2\/media?parent=142402"}],"wp:term":[{"taxonomy":"category","embeddable":true,"href":"https:\/\/revistaesperanzas.com\/web\/wp-json\/wp\/v2\/categories?post=142402"},{"taxonomy":"post_tag","embeddable":true,"href":"https:\/\/revistaesperanzas.com\/web\/wp-json\/wp\/v2\/tags?post=142402"}],"curies":[{"name":"wp","href":"https:\/\/api.w.org\/{rel}","templated":true}]}}