{"id":142423,"date":"2026-01-14T20:50:29","date_gmt":"2026-01-14T23:50:29","guid":{"rendered":"https:\/\/revistaesperanzas.com\/web\/?p=142423"},"modified":"2026-01-14T20:50:29","modified_gmt":"2026-01-14T23:50:29","slug":"torneo-de-basquet-de-verano-en-amad","status":"publish","type":"post","link":"https:\/\/revistaesperanzas.com\/web\/2026\/01\/torneo-de-basquet-de-verano-en-amad\/","title":{"rendered":"TORNEO DE B\u00c1SQUET DE VERANO EN AMAD"},"content":{"rendered":"<p style=\"font-weight: 400;\">Esta noche se consagra el campe\u00f3n de este certamen Miguel \u201cPacaca\u201d Taglioretti<\/p>\n<p style=\"font-weight: 400;\">El partido final se ha programado para las 21 y 30 horas, entre los equipos que accedieron a la disputa del torneo \u201cLa Mafia\u201d integrado por Franco Piasentini, Facu Vicentin, Santi N\u00fa\u00f1ez y lo hermanos Atilio y Martiniano Cuevas, entre otros, y llega como gran candidato luego de haber clasificado sin perder ning\u00fan partido, frente a \u201cMolino La Rosario\u201d, campe\u00f3n de la edici\u00f3n anterior, que agrupa a jugadores como Daniel Cancian, Juanma Piasentini, Lucas Alegre, Chino Gonz\u00e1lez y Natalio Montti, entre otros.<\/p>\n<p style=\"font-weight: 400;\">Vale recordar que la entrada es libre y gratuita, con gran servicio de cantina y contar\u00e1 con la transmisi\u00f3n del Streaming Goya Todo Competencia.<\/p>\n","protected":false},"excerpt":{"rendered":"<p>Esta noche se consagra el campe\u00f3n de este certamen Miguel \u201cPacaca\u201d Taglioretti El partido final se ha programado para las 21 y 30 horas, entre los equipos que accedieron a la disputa del torneo \u201cLa Mafia\u201d integrado por Franco Piasentini, Facu Vicentin, Santi N\u00fa\u00f1ez y lo hermanos Atilio y Martiniano Cuevas, entre otros, y llega [&hellip;]<\/p>\n","protected":false},"author":4,"featured_media":142424,"comment_status":"closed","ping_status":"closed","sticky":false,"template":"","format":"standard","meta":{"footnotes":""},"categories":[45],"tags":[],"class_list":{"0":"post-142423","1":"post","2":"type-post","3":"status-publish","4":"format-standard","5":"has-post-thumbnail","7":"category-locales"},"_links":{"self":[{"href":"https:\/\/revistaesperanzas.com\/web\/wp-json\/wp\/v2\/posts\/142423","targetHints":{"allow":["GET"]}}],"collection":[{"href":"https:\/\/revistaesperanzas.com\/web\/wp-json\/wp\/v2\/posts"}],"about":[{"href":"https:\/\/revistaesperanzas.com\/web\/wp-json\/wp\/v2\/types\/post"}],"author":[{"embeddable":true,"href":"https:\/\/revistaesperanzas.com\/web\/wp-json\/wp\/v2\/users\/4"}],"replies":[{"embeddable":true,"href":"https:\/\/revistaesperanzas.com\/web\/wp-json\/wp\/v2\/comments?post=142423"}],"version-history":[{"count":1,"href":"https:\/\/revistaesperanzas.com\/web\/wp-json\/wp\/v2\/posts\/142423\/revisions"}],"predecessor-version":[{"id":142425,"href":"https:\/\/revistaesperanzas.com\/web\/wp-json\/wp\/v2\/posts\/142423\/revisions\/142425"}],"wp:featuredmedia":[{"embeddable":true,"href":"https:\/\/revistaesperanzas.com\/web\/wp-json\/wp\/v2\/media\/142424"}],"wp:attachment":[{"href":"https:\/\/revistaesperanzas.com\/web\/wp-json\/wp\/v2\/media?parent=142423"}],"wp:term":[{"taxonomy":"category","embeddable":true,"href":"https:\/\/revistaesperanzas.com\/web\/wp-json\/wp\/v2\/categories?post=142423"},{"taxonomy":"post_tag","embeddable":true,"href":"https:\/\/revistaesperanzas.com\/web\/wp-json\/wp\/v2\/tags?post=142423"}],"curies":[{"name":"wp","href":"https:\/\/api.w.org\/{rel}","templated":true}]}}