{"id":142430,"date":"2026-01-14T20:55:06","date_gmt":"2026-01-14T23:55:06","guid":{"rendered":"https:\/\/revistaesperanzas.com\/web\/?p=142430"},"modified":"2026-01-14T20:55:06","modified_gmt":"2026-01-14T23:55:06","slug":"ritmo-de-carnaval","status":"publish","type":"post","link":"https:\/\/revistaesperanzas.com\/web\/2026\/01\/ritmo-de-carnaval\/","title":{"rendered":"RITMO DE CARNAVAL"},"content":{"rendered":"<p style=\"font-weight: 400;\">Sin dudas uno de los eventos culturales y tur\u00edsticos de la regi\u00f3n, son los carnavales como una manera de reafirmar la esencia y la identidad Goya se prepara para vivir cuatro noches de lunas carnavaleras, con el protagonismo de las comparsas, m\u00fasica, color y ritmo transforman el espacio en una verdadera fiesta popular, ideal para disfrutar en familia y con amigos.<a href=\"https:\/\/revistaesperanzas.com\/web\/2026\/01\/ritmo-de-carnaval\/carnaval-venta-de-entrada-y-tribuna-1\/\" rel=\"attachment wp-att-142432\"><img loading=\"lazy\" decoding=\"async\" class=\" wp-image-142432 alignleft\" src=\"https:\/\/revistaesperanzas.com\/web\/wp-content\/uploads\/2026\/01\/carnaval-venta-de-entrada-y-tribuna-1.jpg\" alt=\"\" width=\"714\" height=\"475\" \/><\/a><\/p>\n<p style=\"font-weight: 400;\">En ese marco de preparaci\u00f3n se informa la venta de entrada para las noches de corsos oficiales, as\u00ed como tambi\u00e9n el cronograma establecido para cada jornada de carnaval:<\/p>\n<p style=\"font-weight: 400;\">Viernes 23 de enero: Inauguraci\u00f3n oficial.<\/p>\n<p style=\"font-weight: 400;\">S\u00e1bado 24 de enero: Segunda noche de desfile.<\/p>\n<p style=\"font-weight: 400;\">S\u00e1bado 31 de enero: Tercera noche de brillo y color.<\/p>\n<p style=\"font-weight: 400;\">S\u00e1bado 7 de febrero: Gran cierre y ceremonia de premiaci\u00f3n.<\/p>\n<p style=\"font-weight: 400;\">El predio contara con tribunas de acceso gratis, tribunas sector preferencial VIP, servicios sanitarios, puestos gastron\u00f3micos, personal de seguridad y asistencia m\u00e9dica durante toda la jornada, garantizando una experiencia c\u00f3moda y segura para el p\u00fablico.<\/p>\n<p style=\"font-weight: 400;\">Una celebraci\u00f3n \u00fanica que combina tradici\u00f3n, espect\u00e1culo y alegr\u00eda, y que cada verano convoca a miles de vecinos y visitantes.<\/p>\n<p style=\"font-weight: 400;\">VALOR DE LA ENTRADA<\/p>\n<p style=\"font-weight: 400;\">Mayores de 12 a\u00f1os (General): $5.000<\/p>\n<p style=\"font-weight: 400;\">Tribunas VIP: $15.000 (por orden de llegada, incluye entrada al predio)<\/p>\n<p style=\"font-weight: 400;\">Menores (3 a 12 a\u00f1os), ex combatientes de Malvinas y personas con discapacidad con un acompa\u00f1ante: tienen sin cargo la entrada general. Si quieren ir a las tribunas VIP deber\u00e1n abonar el importe correspondiente.<\/p>\n<p style=\"font-weight: 400;\">Importante: Se solicitar\u00e1 DNI para menores y carnet para ex combatientes.<\/p>\n<p style=\"font-weight: 400;\">Con la adquisici\u00f3n de una entrada general se puede ingresar una vez a cualquiera de las tribunas 5-6-7-8 de acuerdo al espacio disponible en ese momento. Asimismo, la entrada general permite el ingreso a un lote en caso de haber adquirido previamente una mesa y silla.<\/p>\n<p style=\"font-weight: 400;\">VENTA DE ENTRADAS SIGUIENTE LINK:\u00a0 CARNAVALES GOYANOS 2026<\/p>\n","protected":false},"excerpt":{"rendered":"<p>Sin dudas uno de los eventos culturales y tur\u00edsticos de la regi\u00f3n, son los carnavales como una manera de reafirmar la esencia y la identidad Goya se prepara para vivir cuatro noches de lunas carnavaleras, con el protagonismo de las comparsas, m\u00fasica, color y ritmo transforman el espacio en una verdadera fiesta popular, ideal para [&hellip;]<\/p>\n","protected":false},"author":4,"featured_media":142431,"comment_status":"closed","ping_status":"closed","sticky":false,"template":"","format":"standard","meta":{"footnotes":""},"categories":[45],"tags":[],"class_list":{"0":"post-142430","1":"post","2":"type-post","3":"status-publish","4":"format-standard","5":"has-post-thumbnail","7":"category-locales"},"_links":{"self":[{"href":"https:\/\/revistaesperanzas.com\/web\/wp-json\/wp\/v2\/posts\/142430","targetHints":{"allow":["GET"]}}],"collection":[{"href":"https:\/\/revistaesperanzas.com\/web\/wp-json\/wp\/v2\/posts"}],"about":[{"href":"https:\/\/revistaesperanzas.com\/web\/wp-json\/wp\/v2\/types\/post"}],"author":[{"embeddable":true,"href":"https:\/\/revistaesperanzas.com\/web\/wp-json\/wp\/v2\/users\/4"}],"replies":[{"embeddable":true,"href":"https:\/\/revistaesperanzas.com\/web\/wp-json\/wp\/v2\/comments?post=142430"}],"version-history":[{"count":2,"href":"https:\/\/revistaesperanzas.com\/web\/wp-json\/wp\/v2\/posts\/142430\/revisions"}],"predecessor-version":[{"id":142434,"href":"https:\/\/revistaesperanzas.com\/web\/wp-json\/wp\/v2\/posts\/142430\/revisions\/142434"}],"wp:featuredmedia":[{"embeddable":true,"href":"https:\/\/revistaesperanzas.com\/web\/wp-json\/wp\/v2\/media\/142431"}],"wp:attachment":[{"href":"https:\/\/revistaesperanzas.com\/web\/wp-json\/wp\/v2\/media?parent=142430"}],"wp:term":[{"taxonomy":"category","embeddable":true,"href":"https:\/\/revistaesperanzas.com\/web\/wp-json\/wp\/v2\/categories?post=142430"},{"taxonomy":"post_tag","embeddable":true,"href":"https:\/\/revistaesperanzas.com\/web\/wp-json\/wp\/v2\/tags?post=142430"}],"curies":[{"name":"wp","href":"https:\/\/api.w.org\/{rel}","templated":true}]}}