{"id":142435,"date":"2026-01-14T20:56:45","date_gmt":"2026-01-14T23:56:45","guid":{"rendered":"https:\/\/revistaesperanzas.com\/web\/?p=142435"},"modified":"2026-01-14T20:56:45","modified_gmt":"2026-01-14T23:56:45","slug":"escuela-de-verano-3","status":"publish","type":"post","link":"https:\/\/revistaesperanzas.com\/web\/2026\/01\/escuela-de-verano-3\/","title":{"rendered":"ESCUELA DE VERANO"},"content":{"rendered":"<p style=\"font-weight: 400;\">El programa integral de verano de la Municipalidad de Goya, coordinado desde la Secretar\u00eda de Educaci\u00f3n, con la participaci\u00f3n de diferentes \u00e1reas municipales, es un espacio que busca incluir a todas las edades.<\/p>\n<p style=\"font-weight: 400;\">En el \u00e1mbito desarrollado desde la Direcci\u00f3n de Deportes, los Adultos Mayores, tienen su d\u00eda de convocatoria, para realizar las actividades elaboradas para ello que incluye aquagym, din\u00e1micas l\u00fadicas y recreativas.<\/p>\n<p style=\"font-weight: 400;\">La propuesta est\u00e1 pensada para que puedan conocer, disfrutar y apropiarse de este espacio tan importante para la ciudad.<\/p>\n<p style=\"font-weight: 400;\">Estas acciones promueven el encuentro, la recreaci\u00f3n y el bienestar, reafirmando el compromiso de generar espacios inclusivos para todas las edades.<\/p>\n<p style=\"font-weight: 400;\">Desde la Municipalidad se contin\u00faa trabajando para que los adultos mayores vivan un verano activo, saludable y acompa\u00f1ado.<\/p>\n","protected":false},"excerpt":{"rendered":"<p>El programa integral de verano de la Municipalidad de Goya, coordinado desde la Secretar\u00eda de Educaci\u00f3n, con la participaci\u00f3n de diferentes \u00e1reas municipales, es un espacio que busca incluir a todas las edades. En el \u00e1mbito desarrollado desde la Direcci\u00f3n de Deportes, los Adultos Mayores, tienen su d\u00eda de convocatoria, para realizar las actividades elaboradas [&hellip;]<\/p>\n","protected":false},"author":4,"featured_media":142436,"comment_status":"closed","ping_status":"closed","sticky":false,"template":"","format":"standard","meta":{"footnotes":""},"categories":[45],"tags":[],"class_list":{"0":"post-142435","1":"post","2":"type-post","3":"status-publish","4":"format-standard","5":"has-post-thumbnail","7":"category-locales"},"_links":{"self":[{"href":"https:\/\/revistaesperanzas.com\/web\/wp-json\/wp\/v2\/posts\/142435","targetHints":{"allow":["GET"]}}],"collection":[{"href":"https:\/\/revistaesperanzas.com\/web\/wp-json\/wp\/v2\/posts"}],"about":[{"href":"https:\/\/revistaesperanzas.com\/web\/wp-json\/wp\/v2\/types\/post"}],"author":[{"embeddable":true,"href":"https:\/\/revistaesperanzas.com\/web\/wp-json\/wp\/v2\/users\/4"}],"replies":[{"embeddable":true,"href":"https:\/\/revistaesperanzas.com\/web\/wp-json\/wp\/v2\/comments?post=142435"}],"version-history":[{"count":1,"href":"https:\/\/revistaesperanzas.com\/web\/wp-json\/wp\/v2\/posts\/142435\/revisions"}],"predecessor-version":[{"id":142437,"href":"https:\/\/revistaesperanzas.com\/web\/wp-json\/wp\/v2\/posts\/142435\/revisions\/142437"}],"wp:featuredmedia":[{"embeddable":true,"href":"https:\/\/revistaesperanzas.com\/web\/wp-json\/wp\/v2\/media\/142436"}],"wp:attachment":[{"href":"https:\/\/revistaesperanzas.com\/web\/wp-json\/wp\/v2\/media?parent=142435"}],"wp:term":[{"taxonomy":"category","embeddable":true,"href":"https:\/\/revistaesperanzas.com\/web\/wp-json\/wp\/v2\/categories?post=142435"},{"taxonomy":"post_tag","embeddable":true,"href":"https:\/\/revistaesperanzas.com\/web\/wp-json\/wp\/v2\/tags?post=142435"}],"curies":[{"name":"wp","href":"https:\/\/api.w.org\/{rel}","templated":true}]}}