{"id":142439,"date":"2026-01-15T10:23:47","date_gmt":"2026-01-15T13:23:47","guid":{"rendered":"https:\/\/revistaesperanzas.com\/web\/?p=142439"},"modified":"2026-01-15T10:23:47","modified_gmt":"2026-01-15T13:23:47","slug":"la-policia-investiga-sobre-el-hallazgo-de-un-feto","status":"publish","type":"post","link":"https:\/\/revistaesperanzas.com\/web\/2026\/01\/la-policia-investiga-sobre-el-hallazgo-de-un-feto\/","title":{"rendered":"LA POLIC\u00cdA INVESTIGA SOBRE EL HALLAZGO DE UN FETO"},"content":{"rendered":"<p>PASO DE LOS LIBRES\u00a0 &#8211;\u00a0 Efectivos Policiales de la Comisar\u00eda de Distrito Primera de Paso de los Libres, se encuentran realizando tareas investigativas luego que en las primeras horas jornadas de hoy, tomaran conocimiento del hallazgo de un feto en el interior de una bolsa encontrado en un predio de residuos del Barrio Las Palmas de esa localidad.<\/p>\n<p>El hecho, se habr\u00eda alertado cerca de las 00.42 horas, cuando los efectivos fueron anoticiados que dentro del predio de una planta recicladora \u2013 acopio de residuos- se hallaba un feto dentro de una bolsa, posteriormente fue examinado por personal m\u00e9dico que determinaron que se trata de un feto del sexo masculino de unos 5 meses de gestaci\u00f3n aproximada. Desconoci\u00e9ndose m\u00e1s detalles y pormenores al respecto<\/p>\n<p>Al respecto, en la citada Comisar\u00eda se inici\u00f3 la actuaci\u00f3n sumarial correspondiente con conocimiento de las autoridades judiciales de esa localidad.<\/p>\n","protected":false},"excerpt":{"rendered":"<p>PASO DE LOS LIBRES\u00a0 &#8211;\u00a0 Efectivos Policiales de la Comisar\u00eda de Distrito Primera de Paso de los Libres, se encuentran realizando tareas investigativas luego que en las primeras horas jornadas de hoy, tomaran conocimiento del hallazgo de un feto en el interior de una bolsa encontrado en un predio de residuos del Barrio Las Palmas [&hellip;]<\/p>\n","protected":false},"author":4,"featured_media":142440,"comment_status":"closed","ping_status":"closed","sticky":false,"template":"","format":"standard","meta":{"footnotes":""},"categories":[58],"tags":[],"class_list":{"0":"post-142439","1":"post","2":"type-post","3":"status-publish","4":"format-standard","5":"has-post-thumbnail","7":"category-corrientes"},"_links":{"self":[{"href":"https:\/\/revistaesperanzas.com\/web\/wp-json\/wp\/v2\/posts\/142439","targetHints":{"allow":["GET"]}}],"collection":[{"href":"https:\/\/revistaesperanzas.com\/web\/wp-json\/wp\/v2\/posts"}],"about":[{"href":"https:\/\/revistaesperanzas.com\/web\/wp-json\/wp\/v2\/types\/post"}],"author":[{"embeddable":true,"href":"https:\/\/revistaesperanzas.com\/web\/wp-json\/wp\/v2\/users\/4"}],"replies":[{"embeddable":true,"href":"https:\/\/revistaesperanzas.com\/web\/wp-json\/wp\/v2\/comments?post=142439"}],"version-history":[{"count":1,"href":"https:\/\/revistaesperanzas.com\/web\/wp-json\/wp\/v2\/posts\/142439\/revisions"}],"predecessor-version":[{"id":142441,"href":"https:\/\/revistaesperanzas.com\/web\/wp-json\/wp\/v2\/posts\/142439\/revisions\/142441"}],"wp:featuredmedia":[{"embeddable":true,"href":"https:\/\/revistaesperanzas.com\/web\/wp-json\/wp\/v2\/media\/142440"}],"wp:attachment":[{"href":"https:\/\/revistaesperanzas.com\/web\/wp-json\/wp\/v2\/media?parent=142439"}],"wp:term":[{"taxonomy":"category","embeddable":true,"href":"https:\/\/revistaesperanzas.com\/web\/wp-json\/wp\/v2\/categories?post=142439"},{"taxonomy":"post_tag","embeddable":true,"href":"https:\/\/revistaesperanzas.com\/web\/wp-json\/wp\/v2\/tags?post=142439"}],"curies":[{"name":"wp","href":"https:\/\/api.w.org\/{rel}","templated":true}]}}