{"id":142445,"date":"2026-01-15T10:43:46","date_gmt":"2026-01-15T13:43:46","guid":{"rendered":"https:\/\/revistaesperanzas.com\/web\/?p=142445"},"modified":"2026-01-15T10:43:47","modified_gmt":"2026-01-15T13:43:47","slug":"para-la-35o-fiesta-nacional-del-chamame-la-21o-del-mercosur-y-la-5o-celebracion-mundial-corrientes-ya-cuenta-con-el-dispositivo-de-seguridad","status":"publish","type":"post","link":"https:\/\/revistaesperanzas.com\/web\/2026\/01\/para-la-35o-fiesta-nacional-del-chamame-la-21o-del-mercosur-y-la-5o-celebracion-mundial-corrientes-ya-cuenta-con-el-dispositivo-de-seguridad\/","title":{"rendered":"PARA LA 35\u00ba FIESTA NACIONAL DEL CHAMAM\u00c9, LA 21\u00ba DEL MERCOSUR Y LA 5\u00ba CELEBRACI\u00d3N MUNDIAL, CORRIENTES YA CUENTA CON EL DISPOSITIVO DE SEGURIDAD"},"content":{"rendered":"<p>Con motivo de llevarse a cabo la \u201cXXXV\u00ba FIESTA NACIONAL DEL CHAMAME Y XXI\u00ba FIESTA DEL CHAMAME DEL MERCOSUR Y V Celebraci\u00f3n Mundial\u201d, desde el d\u00eda 16 al 25 de Enero de 2026 en el Anfiteatro \u201cMario del Transito Cocomarola\u201d de esta ciudad; la Polic\u00eda de Corrientes ha diagramado un dispositivo especial de seguridad, para que el evento se desarrolle normalmente durante las 10 noches de su realizaci\u00f3n, brindando seguridad y resguardando el orden p\u00fablico.<a href=\"https:\/\/revistaesperanzas.com\/web\/2026\/01\/para-la-35o-fiesta-nacional-del-chamame-la-21o-del-mercosur-y-la-5o-celebracion-mundial-corrientes-ya-cuenta-con-el-dispositivo-de-seguridad\/whatsapp-image-2026-01-15-at-10-31-18\/\" rel=\"attachment wp-att-142447\"><img loading=\"lazy\" decoding=\"async\" class=\" wp-image-142447 alignleft\" src=\"https:\/\/revistaesperanzas.com\/web\/wp-content\/uploads\/2026\/01\/WhatsApp-Image-2026-01-15-at-10.31.18.jpeg\" alt=\"\" width=\"693\" height=\"485\" srcset=\"https:\/\/revistaesperanzas.com\/web\/wp-content\/uploads\/2026\/01\/WhatsApp-Image-2026-01-15-at-10.31.18.jpeg 600w, https:\/\/revistaesperanzas.com\/web\/wp-content\/uploads\/2026\/01\/WhatsApp-Image-2026-01-15-at-10.31.18-100x70.jpeg 100w\" sizes=\"auto, (max-width: 693px) 100vw, 693px\" \/><\/a><\/p>\n<p>Para ello, en la zona se implementara medidas respecto a la seguridad interna, externa y perimetral, disponi\u00e9ndose la afectaci\u00f3n de un total de 116 efectivos policiales-por noche-; pertenecientes a distintas dependencias, que estar\u00e1n distribuidos en puntos estrat\u00e9gicos y cumplir\u00e1n funciones de seguridad desde las 20 horas hasta la finalizaci\u00f3n de cada jornada del festival.<\/p>\n<p>Adem\u00e1s, se realizar\u00e1 un monitoreo a\u00e9reo mediante el uso de drones de seguridad, operados por personal capacitado, y el Sistema Integral de Seguridad 911 estar\u00e1 activo para garantizar un control integral del evento y sus alrededores.<a href=\"https:\/\/revistaesperanzas.com\/web\/2026\/01\/para-la-35o-fiesta-nacional-del-chamame-la-21o-del-mercosur-y-la-5o-celebracion-mundial-corrientes-ya-cuenta-con-el-dispositivo-de-seguridad\/whatsapp-image-2026-01-15-at-10-31-20\/\" rel=\"attachment wp-att-142448\"><img loading=\"lazy\" decoding=\"async\" class=\"alignnone  wp-image-142448\" src=\"https:\/\/revistaesperanzas.com\/web\/wp-content\/uploads\/2026\/01\/WhatsApp-Image-2026-01-15-at-10.31.20.jpeg\" alt=\"\" width=\"684\" height=\"479\" srcset=\"https:\/\/revistaesperanzas.com\/web\/wp-content\/uploads\/2026\/01\/WhatsApp-Image-2026-01-15-at-10.31.20.jpeg 600w, https:\/\/revistaesperanzas.com\/web\/wp-content\/uploads\/2026\/01\/WhatsApp-Image-2026-01-15-at-10.31.20-100x70.jpeg 100w\" sizes=\"auto, (max-width: 684px) 100vw, 684px\" \/><\/a><br \/>\nEl personal involucrado proviene de distintas \u00e1reas de la Polic\u00eda de Corrientes, especialmente de la Direcci\u00f3n General de Seguridad y Prevenci\u00f3n del Delito.<\/p>\n<p>RECOMENDACIONES PARA EL P\u00daBLICO<\/p>\n<p>Para disfrutar del evento se les pide a los asistentes tener en cuenta las siguientes recomendaciones:<\/p>\n<p>Prohibido el ingreso de pirotecnia.<a href=\"https:\/\/revistaesperanzas.com\/web\/2026\/01\/para-la-35o-fiesta-nacional-del-chamame-la-21o-del-mercosur-y-la-5o-celebracion-mundial-corrientes-ya-cuenta-con-el-dispositivo-de-seguridad\/whatsapp-image-2026-01-15-at-10-31-15\/\" rel=\"attachment wp-att-142449\"><img loading=\"lazy\" decoding=\"async\" class=\"alignnone  wp-image-142449\" src=\"https:\/\/revistaesperanzas.com\/web\/wp-content\/uploads\/2026\/01\/WhatsApp-Image-2026-01-15-at-10.31.15.jpeg\" alt=\"\" width=\"669\" height=\"468\" srcset=\"https:\/\/revistaesperanzas.com\/web\/wp-content\/uploads\/2026\/01\/WhatsApp-Image-2026-01-15-at-10.31.15.jpeg 600w, https:\/\/revistaesperanzas.com\/web\/wp-content\/uploads\/2026\/01\/WhatsApp-Image-2026-01-15-at-10.31.15-100x70.jpeg 100w\" sizes=\"auto, (max-width: 669px) 100vw, 669px\" \/><\/a><\/p>\n<p>No se permite el ingreso de objetos peligrosos, como botellas de vidrio, hierros o elementos punzantes.<\/p>\n<p>En caso de emergencia, se dispondr\u00e1 de un corredor sanitario para trasladar r\u00e1pidamente a las personas a centros asistenciales.<\/p>\n<p>Un servicio especial de patrullaje cubrir\u00e1 las inmediaciones del Anfiteatro para prevenir il\u00edcitos o alteraciones del orden.<\/p>\n<p>Si necesita ayuda, dir\u00edjase a un efectivo policial cercano.<\/p>\n","protected":false},"excerpt":{"rendered":"<p>Con motivo de llevarse a cabo la \u201cXXXV\u00ba FIESTA NACIONAL DEL CHAMAME Y XXI\u00ba FIESTA DEL CHAMAME DEL MERCOSUR Y V Celebraci\u00f3n Mundial\u201d, desde el d\u00eda 16 al 25 de Enero de 2026 en el Anfiteatro \u201cMario del Transito Cocomarola\u201d de esta ciudad; la Polic\u00eda de Corrientes ha diagramado un dispositivo especial de seguridad, para [&hellip;]<\/p>\n","protected":false},"author":4,"featured_media":142446,"comment_status":"closed","ping_status":"closed","sticky":false,"template":"","format":"standard","meta":{"footnotes":""},"categories":[58],"tags":[],"class_list":{"0":"post-142445","1":"post","2":"type-post","3":"status-publish","4":"format-standard","5":"has-post-thumbnail","7":"category-corrientes"},"_links":{"self":[{"href":"https:\/\/revistaesperanzas.com\/web\/wp-json\/wp\/v2\/posts\/142445","targetHints":{"allow":["GET"]}}],"collection":[{"href":"https:\/\/revistaesperanzas.com\/web\/wp-json\/wp\/v2\/posts"}],"about":[{"href":"https:\/\/revistaesperanzas.com\/web\/wp-json\/wp\/v2\/types\/post"}],"author":[{"embeddable":true,"href":"https:\/\/revistaesperanzas.com\/web\/wp-json\/wp\/v2\/users\/4"}],"replies":[{"embeddable":true,"href":"https:\/\/revistaesperanzas.com\/web\/wp-json\/wp\/v2\/comments?post=142445"}],"version-history":[{"count":2,"href":"https:\/\/revistaesperanzas.com\/web\/wp-json\/wp\/v2\/posts\/142445\/revisions"}],"predecessor-version":[{"id":142451,"href":"https:\/\/revistaesperanzas.com\/web\/wp-json\/wp\/v2\/posts\/142445\/revisions\/142451"}],"wp:featuredmedia":[{"embeddable":true,"href":"https:\/\/revistaesperanzas.com\/web\/wp-json\/wp\/v2\/media\/142446"}],"wp:attachment":[{"href":"https:\/\/revistaesperanzas.com\/web\/wp-json\/wp\/v2\/media?parent=142445"}],"wp:term":[{"taxonomy":"category","embeddable":true,"href":"https:\/\/revistaesperanzas.com\/web\/wp-json\/wp\/v2\/categories?post=142445"},{"taxonomy":"post_tag","embeddable":true,"href":"https:\/\/revistaesperanzas.com\/web\/wp-json\/wp\/v2\/tags?post=142445"}],"curies":[{"name":"wp","href":"https:\/\/api.w.org\/{rel}","templated":true}]}}