{"id":142452,"date":"2026-01-15T10:50:31","date_gmt":"2026-01-15T13:50:31","guid":{"rendered":"https:\/\/revistaesperanzas.com\/web\/?p=142452"},"modified":"2026-01-15T10:52:03","modified_gmt":"2026-01-15T13:52:03","slug":"curuzu-cuatia-fue-detenido-por-la-policia-al-salir-de-una-vivienda-donde-estaba-robando","status":"publish","type":"post","link":"https:\/\/revistaesperanzas.com\/web\/2026\/01\/curuzu-cuatia-fue-detenido-por-la-policia-al-salir-de-una-vivienda-donde-estaba-robando\/","title":{"rendered":"CURUZ\u00da CUATI\u00c1:  FUE DETENIDO POR LA POLIC\u00cdA AL SALIR DE UNA VIVIENDA DONDE ESTABA ROBANDO"},"content":{"rendered":"<p>La Polic\u00eda aprehendi\u00f3 a un hombre momentos en que se encontraba saliendo de un domicilio aparentemente tras cometer un hecho delictivo, adem\u00e1s, secuestr\u00f3 varias herramientas.<\/p>\n<p>En la madrugada de ayer 14-01-26, efectivos policiales de la Comisaria de Distrito Primera de Curuz\u00fa Cuati\u00e1, realizando recorridas en prevenci\u00f3n de il\u00edcitos, tras un r\u00e1pido y eficaz accionar, aprehendieron a un hombre y secuestraron varias herramientas de dudosa procedencia.<\/p>\n<p>El procedimiento lo concretaron los citados efectivos, cuando hall\u00e1ndose por calle Rodr\u00edguez Pe\u00f1a de la citada localidad, divisaron a un hombre a bordo de una bicicleta, saliendo de un domicilio y tras proceder a la identificaci\u00f3n del mismo, intenta darse a la fuga, siendo alcanzado metros adelante, identificado como \u2013 alias Juancito, de 27 a\u00f1os de edad- quien entre sus pertenencias llevaba un taladro y una amoladora \u2013 ambos de marca Blackdecker-, nueve llaves de distintas marcas y medidas, dos destornilladores, una mochila la cual en su interior congenia seis envases, una carpa &#8211; marca Greentime- y un portafolio de pl\u00e1stico &#8211; marca Kommberg- , los cuales no supo justificar su procedencia, posteriormente y siguiendo la l\u00ednea investigativa, las herramientas resultaron haber sido sustra\u00eddas recientemente.<\/p>\n<p>Al respecto, el aprehendido junto a lo recuperado fueron puestos a disposici\u00f3n de la unidad fiscal en turno y trasladados a la citada dependencia, donde se continuaron con los tramites de rigor.<\/p>\n","protected":false},"excerpt":{"rendered":"<p>La Polic\u00eda aprehendi\u00f3 a un hombre momentos en que se encontraba saliendo de un domicilio aparentemente tras cometer un hecho delictivo, adem\u00e1s, secuestr\u00f3 varias herramientas. En la madrugada de ayer 14-01-26, efectivos policiales de la Comisaria de Distrito Primera de Curuz\u00fa Cuati\u00e1, realizando recorridas en prevenci\u00f3n de il\u00edcitos, tras un r\u00e1pido y eficaz accionar, aprehendieron [&hellip;]<\/p>\n","protected":false},"author":4,"featured_media":142455,"comment_status":"closed","ping_status":"closed","sticky":false,"template":"","format":"standard","meta":{"footnotes":""},"categories":[58],"tags":[],"class_list":{"0":"post-142452","1":"post","2":"type-post","3":"status-publish","4":"format-standard","5":"has-post-thumbnail","7":"category-corrientes"},"_links":{"self":[{"href":"https:\/\/revistaesperanzas.com\/web\/wp-json\/wp\/v2\/posts\/142452","targetHints":{"allow":["GET"]}}],"collection":[{"href":"https:\/\/revistaesperanzas.com\/web\/wp-json\/wp\/v2\/posts"}],"about":[{"href":"https:\/\/revistaesperanzas.com\/web\/wp-json\/wp\/v2\/types\/post"}],"author":[{"embeddable":true,"href":"https:\/\/revistaesperanzas.com\/web\/wp-json\/wp\/v2\/users\/4"}],"replies":[{"embeddable":true,"href":"https:\/\/revistaesperanzas.com\/web\/wp-json\/wp\/v2\/comments?post=142452"}],"version-history":[{"count":1,"href":"https:\/\/revistaesperanzas.com\/web\/wp-json\/wp\/v2\/posts\/142452\/revisions"}],"predecessor-version":[{"id":142454,"href":"https:\/\/revistaesperanzas.com\/web\/wp-json\/wp\/v2\/posts\/142452\/revisions\/142454"}],"wp:featuredmedia":[{"embeddable":true,"href":"https:\/\/revistaesperanzas.com\/web\/wp-json\/wp\/v2\/media\/142455"}],"wp:attachment":[{"href":"https:\/\/revistaesperanzas.com\/web\/wp-json\/wp\/v2\/media?parent=142452"}],"wp:term":[{"taxonomy":"category","embeddable":true,"href":"https:\/\/revistaesperanzas.com\/web\/wp-json\/wp\/v2\/categories?post=142452"},{"taxonomy":"post_tag","embeddable":true,"href":"https:\/\/revistaesperanzas.com\/web\/wp-json\/wp\/v2\/tags?post=142452"}],"curies":[{"name":"wp","href":"https:\/\/api.w.org\/{rel}","templated":true}]}}