{"id":142456,"date":"2026-01-15T10:53:26","date_gmt":"2026-01-15T13:53:26","guid":{"rendered":"https:\/\/revistaesperanzas.com\/web\/?p=142456"},"modified":"2026-01-15T10:53:26","modified_gmt":"2026-01-15T13:53:26","slug":"paso-de-los-libres-demoran-a-una-persona-por-tirar-tiros-al-aire-secuestran-el-arma","status":"publish","type":"post","link":"https:\/\/revistaesperanzas.com\/web\/2026\/01\/paso-de-los-libres-demoran-a-una-persona-por-tirar-tiros-al-aire-secuestran-el-arma\/","title":{"rendered":"PASO DE LOS LIBRES: DEMORAN A UNA PERSONA POR TIRAR TIROS AL AIRE, SECUESTRAN EL ARMA"},"content":{"rendered":"<p>La Polic\u00eda demor\u00f3 a un hombre y secuestr\u00f3 un arma de fuego, con el cual aparentemente habr\u00eda efectuado disparos al aire<\/p>\n<p>En horas de las horas de la tarde de ayer 14-01-26, efectivos policiales de la Comisar\u00eda de distrito segunda de Paso de los Libres, tras ser alertados por el sistema de emergencia 911, demoraron a un hombre y secuestraron un arma de fuego con el cual habr\u00eda efectuado disparos al aire.<\/p>\n<p>El procedimiento tuvo lugar alrededor de las 19.30horas, en inmediaciones de un domicilio en el Barrio 508 viviendas, sector 300, lugar donde un hombre de 73 a\u00f1os de edad fue demorado y secuestraron un arma de fuego calibre .22, con el cual habr\u00eda efectuado disparos al aire.<\/p>\n<p>El demorado y el arma secuestrada fue puesto a disposici\u00f3n de la autoridad judicial interviniente, siendo trasladados a la citada dependencia policial donde se prosigue con los tramites del caso.<\/p>\n","protected":false},"excerpt":{"rendered":"<p>La Polic\u00eda demor\u00f3 a un hombre y secuestr\u00f3 un arma de fuego, con el cual aparentemente habr\u00eda efectuado disparos al aire En horas de las horas de la tarde de ayer 14-01-26, efectivos policiales de la Comisar\u00eda de distrito segunda de Paso de los Libres, tras ser alertados por el sistema de emergencia 911, demoraron [&hellip;]<\/p>\n","protected":false},"author":4,"featured_media":142453,"comment_status":"closed","ping_status":"closed","sticky":false,"template":"","format":"standard","meta":{"footnotes":""},"categories":[58],"tags":[],"class_list":{"0":"post-142456","1":"post","2":"type-post","3":"status-publish","4":"format-standard","5":"has-post-thumbnail","7":"category-corrientes"},"_links":{"self":[{"href":"https:\/\/revistaesperanzas.com\/web\/wp-json\/wp\/v2\/posts\/142456","targetHints":{"allow":["GET"]}}],"collection":[{"href":"https:\/\/revistaesperanzas.com\/web\/wp-json\/wp\/v2\/posts"}],"about":[{"href":"https:\/\/revistaesperanzas.com\/web\/wp-json\/wp\/v2\/types\/post"}],"author":[{"embeddable":true,"href":"https:\/\/revistaesperanzas.com\/web\/wp-json\/wp\/v2\/users\/4"}],"replies":[{"embeddable":true,"href":"https:\/\/revistaesperanzas.com\/web\/wp-json\/wp\/v2\/comments?post=142456"}],"version-history":[{"count":1,"href":"https:\/\/revistaesperanzas.com\/web\/wp-json\/wp\/v2\/posts\/142456\/revisions"}],"predecessor-version":[{"id":142457,"href":"https:\/\/revistaesperanzas.com\/web\/wp-json\/wp\/v2\/posts\/142456\/revisions\/142457"}],"wp:featuredmedia":[{"embeddable":true,"href":"https:\/\/revistaesperanzas.com\/web\/wp-json\/wp\/v2\/media\/142453"}],"wp:attachment":[{"href":"https:\/\/revistaesperanzas.com\/web\/wp-json\/wp\/v2\/media?parent=142456"}],"wp:term":[{"taxonomy":"category","embeddable":true,"href":"https:\/\/revistaesperanzas.com\/web\/wp-json\/wp\/v2\/categories?post=142456"},{"taxonomy":"post_tag","embeddable":true,"href":"https:\/\/revistaesperanzas.com\/web\/wp-json\/wp\/v2\/tags?post=142456"}],"curies":[{"name":"wp","href":"https:\/\/api.w.org\/{rel}","templated":true}]}}