{"id":142460,"date":"2026-01-15T19:56:58","date_gmt":"2026-01-15T22:56:58","guid":{"rendered":"https:\/\/revistaesperanzas.com\/web\/?p=142460"},"modified":"2026-01-15T19:56:58","modified_gmt":"2026-01-15T22:56:58","slug":"itati-personal-pilicial-de-corrientes-demora-a-una-persona-y-secuestra-plantas-de-marihuana","status":"publish","type":"post","link":"https:\/\/revistaesperanzas.com\/web\/2026\/01\/itati-personal-pilicial-de-corrientes-demora-a-una-persona-y-secuestra-plantas-de-marihuana\/","title":{"rendered":"ITATI: PERSONAL PILICIAL DE CORRIENTES DEMORA A UNA PERSONA Y SECUESTRA PLANTAS DE MARIHUANA"},"content":{"rendered":"<p><a href=\"https:\/\/revistaesperanzas.com\/web\/2026\/01\/itati-personal-pilicial-de-corrientes-demora-a-una-persona-y-secuestra-plantas-de-marihuana\/whatsapp-image-2026-01-15-at-12-35-28\/\" rel=\"attachment wp-att-142462\"><img loading=\"lazy\" decoding=\"async\" class=\" wp-image-142462 alignleft\" src=\"https:\/\/revistaesperanzas.com\/web\/wp-content\/uploads\/2026\/01\/WhatsApp-Image-2026-01-15-at-12.35.28.jpeg\" alt=\"\" width=\"289\" height=\"383\" srcset=\"https:\/\/revistaesperanzas.com\/web\/wp-content\/uploads\/2026\/01\/WhatsApp-Image-2026-01-15-at-12.35.28.jpeg 600w, https:\/\/revistaesperanzas.com\/web\/wp-content\/uploads\/2026\/01\/WhatsApp-Image-2026-01-15-at-12.35.28-317x420.jpeg 317w\" sizes=\"auto, (max-width: 289px) 100vw, 289px\" \/><\/a>La Polic\u00eda tras diligenciar una orden de allanamiento, demor\u00f3 a un hombre y secuestr\u00f3 plantas de marihuana<a href=\"https:\/\/revistaesperanzas.com\/web\/2026\/01\/itati-personal-pilicial-de-corrientes-demora-a-una-persona-y-secuestra-plantas-de-marihuana\/whatsapp-image-2026-01-15-at-12-35-28-1\/\" rel=\"attachment wp-att-142463\"><img loading=\"lazy\" decoding=\"async\" class=\" wp-image-142463 alignright\" src=\"https:\/\/revistaesperanzas.com\/web\/wp-content\/uploads\/2026\/01\/WhatsApp-Image-2026-01-15-at-12.35.28-1.jpeg\" alt=\"\" width=\"290\" height=\"515\" srcset=\"https:\/\/revistaesperanzas.com\/web\/wp-content\/uploads\/2026\/01\/WhatsApp-Image-2026-01-15-at-12.35.28-1.jpeg 600w, https:\/\/revistaesperanzas.com\/web\/wp-content\/uploads\/2026\/01\/WhatsApp-Image-2026-01-15-at-12.35.28-1-236x420.jpeg 236w\" sizes=\"auto, (max-width: 290px) 100vw, 290px\" \/><\/a><\/p>\n<p>En horas de la ma\u00f1ana de hoy 15-01-26, efectivos policiales de la Comisar\u00eda de distrito Itat\u00ed, en colaboraci\u00f3n con la unidad fiscal interviniente, en el marco de un legajo de investigaci\u00f3n que se encuentra en tr\u00e1mite, tras diligenciar una orden de allanamiento, demoraron a un hombre y secuestraron plantas de marihuana.<\/p>\n<p>Los distintos trabajos investigativos desplegados<a href=\"https:\/\/revistaesperanzas.com\/web\/2026\/01\/itati-personal-pilicial-de-corrientes-demora-a-una-persona-y-secuestra-plantas-de-marihuana\/whatsapp-image-2026-01-15-at-12-35-27\/\" rel=\"attachment wp-att-142464\"><img loading=\"lazy\" decoding=\"async\" class=\" wp-image-142464 alignleft\" src=\"https:\/\/revistaesperanzas.com\/web\/wp-content\/uploads\/2026\/01\/WhatsApp-Image-2026-01-15-at-12.35.27.jpeg\" alt=\"\" width=\"500\" height=\"350\" srcset=\"https:\/\/revistaesperanzas.com\/web\/wp-content\/uploads\/2026\/01\/WhatsApp-Image-2026-01-15-at-12.35.27.jpeg 600w, https:\/\/revistaesperanzas.com\/web\/wp-content\/uploads\/2026\/01\/WhatsApp-Image-2026-01-15-at-12.35.27-100x70.jpeg 100w\" sizes=\"auto, (max-width: 500px) 100vw, 500px\" \/><\/a> en relaci\u00f3n a un legajo judicial, llev\u00f3 a los efectivos a diligenciar una orden de allanamiento para lo cual contaron con la valiosa colaboraci\u00f3n de personal de la divisi\u00f3n GTO de San Luis del Palmar, en un domicilio ubicado en calle Castor de Le\u00f3n S\/N \u2013 Itat\u00ed, lugar donde si bien no hallaron elementos de inter\u00e9s en la presente causa, visualizaron 6 plantas presumiblemente de marihuana, ante lo cual, solicitaron la presencia de personal de la Direcci\u00f3n Gral. de Drogas Peligrosas y Crimen organizado \u2013 Ensenada Grande.<a href=\"https:\/\/revistaesperanzas.com\/web\/2026\/01\/itati-personal-pilicial-de-corrientes-demora-a-una-persona-y-secuestra-plantas-de-marihuana\/whatsapp-image-2026-01-15-at-12-36-22-1\/\" rel=\"attachment wp-att-142465\"><img loading=\"lazy\" decoding=\"async\" class=\" wp-image-142465 alignright\" src=\"https:\/\/revistaesperanzas.com\/web\/wp-content\/uploads\/2026\/01\/WhatsApp-Image-2026-01-15-at-12.36.22-1.jpeg\" alt=\"\" width=\"500\" height=\"350\" srcset=\"https:\/\/revistaesperanzas.com\/web\/wp-content\/uploads\/2026\/01\/WhatsApp-Image-2026-01-15-at-12.36.22-1.jpeg 600w, https:\/\/revistaesperanzas.com\/web\/wp-content\/uploads\/2026\/01\/WhatsApp-Image-2026-01-15-at-12.36.22-1-100x70.jpeg 100w\" sizes=\"auto, (max-width: 500px) 100vw, 500px\" \/><\/a><\/p>\n<p>En ese marco, una vez en el lugar y tras realizar el correspondiente test, arrojo positivo para plantas de marihuana, procediendo a la demora de un hombre \u2013mayor de edad-.<\/p>\n<p>El demorado junto a lo secuestrado fueron puestos a disposici\u00f3n de la autoridad fiscal interviniente, siendo trasladados a la citada dependencia policial, donde se prosigue con los tr\u00e1mites que corresponden.<\/p>\n","protected":false},"excerpt":{"rendered":"<p>La Polic\u00eda tras diligenciar una orden de allanamiento, demor\u00f3 a un hombre y secuestr\u00f3 plantas de marihuana En horas de la ma\u00f1ana de hoy 15-01-26, efectivos policiales de la Comisar\u00eda de distrito Itat\u00ed, en colaboraci\u00f3n con la unidad fiscal interviniente, en el marco de un legajo de investigaci\u00f3n que se encuentra en tr\u00e1mite, tras diligenciar [&hellip;]<\/p>\n","protected":false},"author":4,"featured_media":142461,"comment_status":"closed","ping_status":"closed","sticky":false,"template":"","format":"standard","meta":{"footnotes":""},"categories":[58],"tags":[],"class_list":{"0":"post-142460","1":"post","2":"type-post","3":"status-publish","4":"format-standard","5":"has-post-thumbnail","7":"category-corrientes"},"_links":{"self":[{"href":"https:\/\/revistaesperanzas.com\/web\/wp-json\/wp\/v2\/posts\/142460","targetHints":{"allow":["GET"]}}],"collection":[{"href":"https:\/\/revistaesperanzas.com\/web\/wp-json\/wp\/v2\/posts"}],"about":[{"href":"https:\/\/revistaesperanzas.com\/web\/wp-json\/wp\/v2\/types\/post"}],"author":[{"embeddable":true,"href":"https:\/\/revistaesperanzas.com\/web\/wp-json\/wp\/v2\/users\/4"}],"replies":[{"embeddable":true,"href":"https:\/\/revistaesperanzas.com\/web\/wp-json\/wp\/v2\/comments?post=142460"}],"version-history":[{"count":2,"href":"https:\/\/revistaesperanzas.com\/web\/wp-json\/wp\/v2\/posts\/142460\/revisions"}],"predecessor-version":[{"id":142467,"href":"https:\/\/revistaesperanzas.com\/web\/wp-json\/wp\/v2\/posts\/142460\/revisions\/142467"}],"wp:featuredmedia":[{"embeddable":true,"href":"https:\/\/revistaesperanzas.com\/web\/wp-json\/wp\/v2\/media\/142461"}],"wp:attachment":[{"href":"https:\/\/revistaesperanzas.com\/web\/wp-json\/wp\/v2\/media?parent=142460"}],"wp:term":[{"taxonomy":"category","embeddable":true,"href":"https:\/\/revistaesperanzas.com\/web\/wp-json\/wp\/v2\/categories?post=142460"},{"taxonomy":"post_tag","embeddable":true,"href":"https:\/\/revistaesperanzas.com\/web\/wp-json\/wp\/v2\/tags?post=142460"}],"curies":[{"name":"wp","href":"https:\/\/api.w.org\/{rel}","templated":true}]}}