{"id":142468,"date":"2026-01-15T20:01:45","date_gmt":"2026-01-15T23:01:45","guid":{"rendered":"https:\/\/revistaesperanzas.com\/web\/?p=142468"},"modified":"2026-01-15T20:01:45","modified_gmt":"2026-01-15T23:01:45","slug":"virasoro-solicitud-de-colaboracion-para-la-localizacion-y-paradero-del-ciudadano-bernal-francisco-emanuel-de-22-anos-de-edad","status":"publish","type":"post","link":"https:\/\/revistaesperanzas.com\/web\/2026\/01\/virasoro-solicitud-de-colaboracion-para-la-localizacion-y-paradero-del-ciudadano-bernal-francisco-emanuel-de-22-anos-de-edad\/","title":{"rendered":"VIRASORO:  SOLICITUD DE COLABORACION PARA LA LOCALIZACION Y PARADERO DEL CIUDADANO BERNAL FRANCISCO EMANUEL DE 22 A\u00d1OS DE EDAD."},"content":{"rendered":"<p>A trav\u00e9s de la presente Gacetilla, solicitamos a los distintos medios de comunicaci\u00f3n pueda ser reflejado-publicado sobre una solicitud enviada desde la Comisar\u00eda de Distrito Tercera de Virasoro, en el d\u00eda de hoy 15-01-26, quienes solicitan la colaboraci\u00f3n para dar difusi\u00f3n respecto a la b\u00fasqueda y localizaci\u00f3n de una ciudadano identificado como BERNAL FRANCISCO EMANUEL DE 22 A\u00d1OS DE EDAD , quien conforme a la denuncia efectuada po<a href=\"https:\/\/revistaesperanzas.com\/web\/2026\/01\/virasoro-solicitud-de-colaboracion-para-la-localizacion-y-paradero-del-ciudadano-bernal-francisco-emanuel-de-22-anos-de-edad\/whatsapp-image-2026-01-15-at-11-32-14\/\" rel=\"attachment wp-att-142470\"><img loading=\"lazy\" decoding=\"async\" class=\" wp-image-142470 alignright\" src=\"https:\/\/revistaesperanzas.com\/web\/wp-content\/uploads\/2026\/01\/WhatsApp-Image-2026-01-15-at-11.32.14.jpeg\" alt=\"\" width=\"401\" height=\"568\" srcset=\"https:\/\/revistaesperanzas.com\/web\/wp-content\/uploads\/2026\/01\/WhatsApp-Image-2026-01-15-at-11.32.14.jpeg 904w, https:\/\/revistaesperanzas.com\/web\/wp-content\/uploads\/2026\/01\/WhatsApp-Image-2026-01-15-at-11.32.14-297x420.jpeg 297w, https:\/\/revistaesperanzas.com\/web\/wp-content\/uploads\/2026\/01\/WhatsApp-Image-2026-01-15-at-11.32.14-696x985.jpeg 696w\" sizes=\"auto, (max-width: 401px) 100vw, 401px\" \/><\/a>r una persona de apellido -Bernal-, el mismo se habr\u00eda ausentado desde el Lunes 13-01-26, dando intervenci\u00f3n de \u00e9sta situaci\u00f3n tambi\u00e9n a la fiscal\u00eda de Investigaci\u00f3n en turno.<br \/>\nSus caracter\u00edsticas f\u00edsicas son las siguientes: 1,80 aproximadamente, de tez morocha, contextura delgada, cabello lacio corto. VESTIA: zapatillas azul remera negra con letras y n\u00fameros ten\u00eda una campera tipo rompe viento de color negra lisa. SE\u00d1A PARTICULAR: posee un tatuaje en su brazo lado izquierdo con el escudo del club deportivo Boca Junior, dicho tatuaje adem\u00e1s tiene una corona arriba del escudo.<\/p>\n<p>Es por ello, que independientemente de la labor de b\u00fasqueda que \u00e9sta realizando la Polic\u00eda, se solicita la colaboraci\u00f3n a los distintos medios period\u00edsticos para su publicaci\u00f3n y de esa manera dar a conocer a la poblaci\u00f3n en general, para que aquellas personas que puedan aportar datos ciertos y que ayuden a lograr encontrar a este ciudadano, puedan hacerlo ante la citada Comisar\u00eda nro. 3794-503727; o la Dependencia Policial m\u00e1s cercana a su domicilio y\/o comunicarse al n\u00famero telef\u00f3nico gratuito del Sistema Integral de Seguridad (S.I.S.) 911 en la Capital y 101 en el Interior Provincial.<\/p>\n","protected":false},"excerpt":{"rendered":"<p>A trav\u00e9s de la presente Gacetilla, solicitamos a los distintos medios de comunicaci\u00f3n pueda ser reflejado-publicado sobre una solicitud enviada desde la Comisar\u00eda de Distrito Tercera de Virasoro, en el d\u00eda de hoy 15-01-26, quienes solicitan la colaboraci\u00f3n para dar difusi\u00f3n respecto a la b\u00fasqueda y localizaci\u00f3n de una ciudadano identificado como BERNAL FRANCISCO EMANUEL [&hellip;]<\/p>\n","protected":false},"author":4,"featured_media":142469,"comment_status":"closed","ping_status":"closed","sticky":false,"template":"","format":"standard","meta":{"footnotes":""},"categories":[58],"tags":[],"class_list":{"0":"post-142468","1":"post","2":"type-post","3":"status-publish","4":"format-standard","5":"has-post-thumbnail","7":"category-corrientes"},"_links":{"self":[{"href":"https:\/\/revistaesperanzas.com\/web\/wp-json\/wp\/v2\/posts\/142468","targetHints":{"allow":["GET"]}}],"collection":[{"href":"https:\/\/revistaesperanzas.com\/web\/wp-json\/wp\/v2\/posts"}],"about":[{"href":"https:\/\/revistaesperanzas.com\/web\/wp-json\/wp\/v2\/types\/post"}],"author":[{"embeddable":true,"href":"https:\/\/revistaesperanzas.com\/web\/wp-json\/wp\/v2\/users\/4"}],"replies":[{"embeddable":true,"href":"https:\/\/revistaesperanzas.com\/web\/wp-json\/wp\/v2\/comments?post=142468"}],"version-history":[{"count":2,"href":"https:\/\/revistaesperanzas.com\/web\/wp-json\/wp\/v2\/posts\/142468\/revisions"}],"predecessor-version":[{"id":142472,"href":"https:\/\/revistaesperanzas.com\/web\/wp-json\/wp\/v2\/posts\/142468\/revisions\/142472"}],"wp:featuredmedia":[{"embeddable":true,"href":"https:\/\/revistaesperanzas.com\/web\/wp-json\/wp\/v2\/media\/142469"}],"wp:attachment":[{"href":"https:\/\/revistaesperanzas.com\/web\/wp-json\/wp\/v2\/media?parent=142468"}],"wp:term":[{"taxonomy":"category","embeddable":true,"href":"https:\/\/revistaesperanzas.com\/web\/wp-json\/wp\/v2\/categories?post=142468"},{"taxonomy":"post_tag","embeddable":true,"href":"https:\/\/revistaesperanzas.com\/web\/wp-json\/wp\/v2\/tags?post=142468"}],"curies":[{"name":"wp","href":"https:\/\/api.w.org\/{rel}","templated":true}]}}