{"id":142479,"date":"2026-01-15T20:12:51","date_gmt":"2026-01-15T23:12:51","guid":{"rendered":"https:\/\/revistaesperanzas.com\/web\/?p=142479"},"modified":"2026-01-15T20:12:51","modified_gmt":"2026-01-15T23:12:51","slug":"prodego-recomienda-tomar-precauciones-ante-alerta-meteorologica","status":"publish","type":"post","link":"https:\/\/revistaesperanzas.com\/web\/2026\/01\/prodego-recomienda-tomar-precauciones-ante-alerta-meteorologica\/","title":{"rendered":"PRODEGO RECOMIENDA TOMAR PRECAUCIONES  ANTE ALERTA METEOROL\u00d3GICA"},"content":{"rendered":"<p style=\"font-weight: 400;\">El Servicio Meteorol\u00f3gico Nacional emiti\u00f3 alertas meteorol\u00f3gicas vigentes para el d\u00eda<a href=\"https:\/\/revistaesperanzas.com\/web\/2026\/01\/prodego-recomienda-tomar-precauciones-ante-alerta-meteorologica\/prodego-recomienda-tomar-precauciones1\/\" rel=\"attachment wp-att-142481\"><img loading=\"lazy\" decoding=\"async\" class=\" wp-image-142481 alignleft\" src=\"https:\/\/revistaesperanzas.com\/web\/wp-content\/uploads\/2026\/01\/PRODEGO-RECOMIENDA-TOMAR-PRECAUCIONES1.jpg\" alt=\"\" width=\"467\" height=\"701\" srcset=\"https:\/\/revistaesperanzas.com\/web\/wp-content\/uploads\/2026\/01\/PRODEGO-RECOMIENDA-TOMAR-PRECAUCIONES1.jpg 600w, https:\/\/revistaesperanzas.com\/web\/wp-content\/uploads\/2026\/01\/PRODEGO-RECOMIENDA-TOMAR-PRECAUCIONES1-280x420.jpg 280w\" sizes=\"auto, (max-width: 467px) 100vw, 467px\" \/><\/a> viernes 16 de enero que alcanzan la regi\u00f3n. Recordamos a la poblaci\u00f3n que el sistema de alerta temprana utiliza una escala de colores para indicar el nivel de riesgo.<\/p>\n<p style=\"font-weight: 400;\">Para la regi\u00f3n se destaca ALERTA AMARILLA: Posibles fen\u00f3menos meteorol\u00f3gicos con capacidad y riesgo de interrupciones moment\u00e1neas de actividades cotidianas.<\/p>\n<p style=\"font-weight: 400;\">Se solicita la comunidad mantenerse informada a trav\u00e9s de los canales oficiales, extremar precauciones ante lluvias intensas, tormenta y o viento fuerte evitar actividades al aire libre durante eventos severos. Desde el PRODEGO solicitaron evitar sacar residuos domiciliarios.<\/p>\n","protected":false},"excerpt":{"rendered":"<p>El Servicio Meteorol\u00f3gico Nacional emiti\u00f3 alertas meteorol\u00f3gicas vigentes para el d\u00eda viernes 16 de enero que alcanzan la regi\u00f3n. Recordamos a la poblaci\u00f3n que el sistema de alerta temprana utiliza una escala de colores para indicar el nivel de riesgo. Para la regi\u00f3n se destaca ALERTA AMARILLA: Posibles fen\u00f3menos meteorol\u00f3gicos con capacidad y riesgo de [&hellip;]<\/p>\n","protected":false},"author":4,"featured_media":142480,"comment_status":"closed","ping_status":"closed","sticky":false,"template":"","format":"standard","meta":{"footnotes":""},"categories":[45],"tags":[],"class_list":{"0":"post-142479","1":"post","2":"type-post","3":"status-publish","4":"format-standard","5":"has-post-thumbnail","7":"category-locales"},"_links":{"self":[{"href":"https:\/\/revistaesperanzas.com\/web\/wp-json\/wp\/v2\/posts\/142479","targetHints":{"allow":["GET"]}}],"collection":[{"href":"https:\/\/revistaesperanzas.com\/web\/wp-json\/wp\/v2\/posts"}],"about":[{"href":"https:\/\/revistaesperanzas.com\/web\/wp-json\/wp\/v2\/types\/post"}],"author":[{"embeddable":true,"href":"https:\/\/revistaesperanzas.com\/web\/wp-json\/wp\/v2\/users\/4"}],"replies":[{"embeddable":true,"href":"https:\/\/revistaesperanzas.com\/web\/wp-json\/wp\/v2\/comments?post=142479"}],"version-history":[{"count":2,"href":"https:\/\/revistaesperanzas.com\/web\/wp-json\/wp\/v2\/posts\/142479\/revisions"}],"predecessor-version":[{"id":142483,"href":"https:\/\/revistaesperanzas.com\/web\/wp-json\/wp\/v2\/posts\/142479\/revisions\/142483"}],"wp:featuredmedia":[{"embeddable":true,"href":"https:\/\/revistaesperanzas.com\/web\/wp-json\/wp\/v2\/media\/142480"}],"wp:attachment":[{"href":"https:\/\/revistaesperanzas.com\/web\/wp-json\/wp\/v2\/media?parent=142479"}],"wp:term":[{"taxonomy":"category","embeddable":true,"href":"https:\/\/revistaesperanzas.com\/web\/wp-json\/wp\/v2\/categories?post=142479"},{"taxonomy":"post_tag","embeddable":true,"href":"https:\/\/revistaesperanzas.com\/web\/wp-json\/wp\/v2\/tags?post=142479"}],"curies":[{"name":"wp","href":"https:\/\/api.w.org\/{rel}","templated":true}]}}