{"id":142490,"date":"2026-01-15T20:20:02","date_gmt":"2026-01-15T23:20:02","guid":{"rendered":"https:\/\/revistaesperanzas.com\/web\/?p=142490"},"modified":"2026-01-15T20:20:02","modified_gmt":"2026-01-15T23:20:02","slug":"tormentas-fuertes-con-lluvias-intensas-rafagas-y-ocasional-caida-de-granizo","status":"publish","type":"post","link":"https:\/\/revistaesperanzas.com\/web\/2026\/01\/tormentas-fuertes-con-lluvias-intensas-rafagas-y-ocasional-caida-de-granizo\/","title":{"rendered":"TORMENTAS FUERTES CON LLUVIAS INTENSAS, RAFAGAS Y OCASIONAL CAIDA DE GRANIZO."},"content":{"rendered":"<p style=\"font-weight: 400;\">Alerta emitida por el SMN<\/p>\n<p style=\"font-weight: 400;\">Zonas:<a href=\"https:\/\/revistaesperanzas.com\/web\/2026\/01\/tormentas-fuertes-con-lluvias-intensas-rafagas-y-ocasional-caida-de-granizo\/alerta-amarilla-por-tormentas-jueves-flyr-1\/\" rel=\"attachment wp-att-142492\"><img loading=\"lazy\" decoding=\"async\" class=\" wp-image-142492 alignright\" src=\"https:\/\/revistaesperanzas.com\/web\/wp-content\/uploads\/2026\/01\/Alerta-Amarilla-por-tormentas-jueves-flyr-1.jpg\" alt=\"\" width=\"401\" height=\"308\" srcset=\"https:\/\/revistaesperanzas.com\/web\/wp-content\/uploads\/2026\/01\/Alerta-Amarilla-por-tormentas-jueves-flyr-1.jpg 547w, https:\/\/revistaesperanzas.com\/web\/wp-content\/uploads\/2026\/01\/Alerta-Amarilla-por-tormentas-jueves-flyr-1-80x60.jpg 80w\" sizes=\"auto, (max-width: 401px) 100vw, 401px\" \/><\/a><\/p>\n<p style=\"font-weight: 400;\">SANTA FE: Garay &#8211; San Javier.<\/p>\n<p style=\"font-weight: 400;\">CORRIENTES: Curuz\u00fa Cuatia &#8211; Esquina &#8211; Goya &#8211; Lavalle &#8211; Mercedes &#8211; Monte Caseros &#8211; Sauce<\/p>\n<p style=\"font-weight: 400;\">ENTRE R\u00cdOS: Federaci\u00f3n &#8211; Federal &#8211; La Paz &#8211; S. J. de Feliciano.<\/p>\n<p style=\"font-weight: 400;\">ALERTA AMARILLA PARA CORRIENTES<\/p>\n<p style=\"font-weight: 400;\">Lo que queda del d\u00eda de hoy hay alerta amarilla por tormentas para gran parte de nuestra provincia.<\/p>\n<p style=\"font-weight: 400;\">Para el d\u00eda viernes, el sudoeste de nuestra provincia tiene alerta naranja por tormentas y el resto del territorio provincial alerta amarilla<\/p>\n","protected":false},"excerpt":{"rendered":"<p>Alerta emitida por el SMN Zonas: SANTA FE: Garay &#8211; San Javier. CORRIENTES: Curuz\u00fa Cuatia &#8211; Esquina &#8211; Goya &#8211; Lavalle &#8211; Mercedes &#8211; Monte Caseros &#8211; Sauce ENTRE R\u00cdOS: Federaci\u00f3n &#8211; Federal &#8211; La Paz &#8211; S. J. de Feliciano. ALERTA AMARILLA PARA CORRIENTES Lo que queda del d\u00eda de hoy hay alerta amarilla [&hellip;]<\/p>\n","protected":false},"author":4,"featured_media":142491,"comment_status":"closed","ping_status":"closed","sticky":false,"template":"","format":"standard","meta":{"footnotes":""},"categories":[45],"tags":[],"class_list":{"0":"post-142490","1":"post","2":"type-post","3":"status-publish","4":"format-standard","5":"has-post-thumbnail","7":"category-locales"},"_links":{"self":[{"href":"https:\/\/revistaesperanzas.com\/web\/wp-json\/wp\/v2\/posts\/142490","targetHints":{"allow":["GET"]}}],"collection":[{"href":"https:\/\/revistaesperanzas.com\/web\/wp-json\/wp\/v2\/posts"}],"about":[{"href":"https:\/\/revistaesperanzas.com\/web\/wp-json\/wp\/v2\/types\/post"}],"author":[{"embeddable":true,"href":"https:\/\/revistaesperanzas.com\/web\/wp-json\/wp\/v2\/users\/4"}],"replies":[{"embeddable":true,"href":"https:\/\/revistaesperanzas.com\/web\/wp-json\/wp\/v2\/comments?post=142490"}],"version-history":[{"count":2,"href":"https:\/\/revistaesperanzas.com\/web\/wp-json\/wp\/v2\/posts\/142490\/revisions"}],"predecessor-version":[{"id":142494,"href":"https:\/\/revistaesperanzas.com\/web\/wp-json\/wp\/v2\/posts\/142490\/revisions\/142494"}],"wp:featuredmedia":[{"embeddable":true,"href":"https:\/\/revistaesperanzas.com\/web\/wp-json\/wp\/v2\/media\/142491"}],"wp:attachment":[{"href":"https:\/\/revistaesperanzas.com\/web\/wp-json\/wp\/v2\/media?parent=142490"}],"wp:term":[{"taxonomy":"category","embeddable":true,"href":"https:\/\/revistaesperanzas.com\/web\/wp-json\/wp\/v2\/categories?post=142490"},{"taxonomy":"post_tag","embeddable":true,"href":"https:\/\/revistaesperanzas.com\/web\/wp-json\/wp\/v2\/tags?post=142490"}],"curies":[{"name":"wp","href":"https:\/\/api.w.org\/{rel}","templated":true}]}}