{"id":142522,"date":"2026-01-16T10:48:26","date_gmt":"2026-01-16T13:48:26","guid":{"rendered":"https:\/\/revistaesperanzas.com\/web\/?p=142522"},"modified":"2026-01-16T10:48:26","modified_gmt":"2026-01-16T13:48:26","slug":"virasoro-fue-localizado-sano-y-salvo-el-ciudadano-bernal-francisco-emanuel-de-22-anos-de-edad","status":"publish","type":"post","link":"https:\/\/revistaesperanzas.com\/web\/2026\/01\/virasoro-fue-localizado-sano-y-salvo-el-ciudadano-bernal-francisco-emanuel-de-22-anos-de-edad\/","title":{"rendered":"VIRASORO: FUE LOCALIZADO SANO Y SALVO EL CIUDADANO BERNAL FRANCISCO EMANUEL DE 22 A\u00d1OS DE EDAD"},"content":{"rendered":"<p>EL CIUDADANO BERNAL FRANCISCO EMANUEL DE 22 A\u00d1OS DE EDAD, FUE LOCALIZADO SANO Y SALVO EN SANTO TOME, POR LO QUE SE DEJA SIN EFECTO EL PEDIDO DE BUSQUEDA Y LOCALIZACI\u00d3N.<\/p>\n<p>Por medio de esta gacetilla policial se agradece la colaboraci\u00f3n de los distintos medios de comunicaci\u00f3n y de la poblaci\u00f3n en general y adem\u00e1s se solicita DEJAR SIN EFECTO LA SOLICITUD DE PARADERO Y DE LOCALIZACION DEL CIUDADANO BERNAL FRANCISCO EMANUEL DE 22 A\u00d1OS DE EDAD, solicitado oportunamente por la Comisaria de Distrito Tercera de Virasoro. Cabe se\u00f1alar que, el mismo fue localizado sano y salvo por efectivos de la Gendarmer\u00eda Nacional con asiento en la localidad de Santo Tome, colaborando con las distintas diligencias para su trasladado, los efectivos de la Comisaria de Distrito 2da de dicha ciudad, cuya situaci\u00f3n ya tom\u00f3 conocimiento la autoridad fiscal interviniente.<\/p>\n<p>(Solicitud enviada oportunamente, desde este Departamento de Relaciones Institucionales mediante Gacetilla Policial de fecha 15-01-26).<br \/>\nAl respecto, en la Comisar\u00eda de Distrito 3ra de Virasoro, se realizaron las diligencias del caso, con conocimiento de las autoridades judiciales intervinientes.<\/p>\n","protected":false},"excerpt":{"rendered":"<p>EL CIUDADANO BERNAL FRANCISCO EMANUEL DE 22 A\u00d1OS DE EDAD, FUE LOCALIZADO SANO Y SALVO EN SANTO TOME, POR LO QUE SE DEJA SIN EFECTO EL PEDIDO DE BUSQUEDA Y LOCALIZACI\u00d3N. Por medio de esta gacetilla policial se agradece la colaboraci\u00f3n de los distintos medios de comunicaci\u00f3n y de la poblaci\u00f3n en general y adem\u00e1s [&hellip;]<\/p>\n","protected":false},"author":4,"featured_media":142523,"comment_status":"closed","ping_status":"closed","sticky":false,"template":"","format":"standard","meta":{"footnotes":""},"categories":[58],"tags":[],"class_list":{"0":"post-142522","1":"post","2":"type-post","3":"status-publish","4":"format-standard","5":"has-post-thumbnail","7":"category-corrientes"},"_links":{"self":[{"href":"https:\/\/revistaesperanzas.com\/web\/wp-json\/wp\/v2\/posts\/142522","targetHints":{"allow":["GET"]}}],"collection":[{"href":"https:\/\/revistaesperanzas.com\/web\/wp-json\/wp\/v2\/posts"}],"about":[{"href":"https:\/\/revistaesperanzas.com\/web\/wp-json\/wp\/v2\/types\/post"}],"author":[{"embeddable":true,"href":"https:\/\/revistaesperanzas.com\/web\/wp-json\/wp\/v2\/users\/4"}],"replies":[{"embeddable":true,"href":"https:\/\/revistaesperanzas.com\/web\/wp-json\/wp\/v2\/comments?post=142522"}],"version-history":[{"count":1,"href":"https:\/\/revistaesperanzas.com\/web\/wp-json\/wp\/v2\/posts\/142522\/revisions"}],"predecessor-version":[{"id":142524,"href":"https:\/\/revistaesperanzas.com\/web\/wp-json\/wp\/v2\/posts\/142522\/revisions\/142524"}],"wp:featuredmedia":[{"embeddable":true,"href":"https:\/\/revistaesperanzas.com\/web\/wp-json\/wp\/v2\/media\/142523"}],"wp:attachment":[{"href":"https:\/\/revistaesperanzas.com\/web\/wp-json\/wp\/v2\/media?parent=142522"}],"wp:term":[{"taxonomy":"category","embeddable":true,"href":"https:\/\/revistaesperanzas.com\/web\/wp-json\/wp\/v2\/categories?post=142522"},{"taxonomy":"post_tag","embeddable":true,"href":"https:\/\/revistaesperanzas.com\/web\/wp-json\/wp\/v2\/tags?post=142522"}],"curies":[{"name":"wp","href":"https:\/\/api.w.org\/{rel}","templated":true}]}}