{"id":142525,"date":"2026-01-16T10:55:08","date_gmt":"2026-01-16T13:55:08","guid":{"rendered":"https:\/\/revistaesperanzas.com\/web\/?p=142525"},"modified":"2026-01-16T10:55:08","modified_gmt":"2026-01-16T13:55:08","slug":"142525","status":"publish","type":"post","link":"https:\/\/revistaesperanzas.com\/web\/2026\/01\/142525\/","title":{"rendered":""},"content":{"rendered":"<p>TRABAJO EN CONJUNTO: La Polic\u00eda durante tareas de prevenci\u00f3n secuestr\u00f3 un veh\u00edculo automotor con anormalidades en su chapa patente.<\/p>\n<p>El personal interviniente en el caso, tras las primeras averiguaciones, se constat\u00f3 que dicho veh\u00edculo registraba hallarse denunciado como sustra\u00eddo en la provincia de Buenos Aires<br \/>\nEn la jornada DEL 15-01-25, efectivos policiales de la Comisaria S\u00e9ptima Urbana con la colaboraci\u00f3n de sus pares de la Direcci\u00f3n General de Delitos Complejos y Delitos Inform\u00e1ticos, hallaron y secuestraron en la v\u00eda p\u00fablica, un veh\u00edculo automotor \u2013 marca Peugeot 208- el cual presentaba anormalidades en la chapa patente y tras las primeras averiguaciones, registr\u00f3 poseer pedido de secuestro por parte de las autoridades de la provincia de Buenos Aires.<\/p>\n<p>El procedimiento se concret\u00f3 cerca de las 13:30 horas, en la intersecci\u00f3n de las Avenidas Patagonia y La Paz, donde los citados efectivos habr\u00edan divisado el rodado estacionado en la v\u00eda publica, observando a simple vista anomal\u00edas en la confecci\u00f3n de la chapa patente, adem\u00e1s de no coincidir en las numeraciones alfanum\u00e9ricas de chasis y de grabado en los cristales.<\/p>\n<p>Ante tal circunstancia, se realizaron las correspondientes averiguaciones en la base de la Direcci\u00f3n Nacional de los Registros Nacionales de la Propiedad del Automotor, el cual arroj\u00f3 como resultado; haber sido denunciado como sustra\u00eddo en La Matanza, provincia de Buenos Aires, siendo secuestrado preventivamente bajo las formalidades legales.<br \/>\nCon la intervenci\u00f3n de la Unidad Fiscal en turno, el rodado secuestrado fue trasladado a la citada direcci\u00f3n, donde se continuaron con los tramites de rigor.<\/p>\n","protected":false},"excerpt":{"rendered":"<p>TRABAJO EN CONJUNTO: La Polic\u00eda durante tareas de prevenci\u00f3n secuestr\u00f3 un veh\u00edculo automotor con anormalidades en su chapa patente. El personal interviniente en el caso, tras las primeras averiguaciones, se constat\u00f3 que dicho veh\u00edculo registraba hallarse denunciado como sustra\u00eddo en la provincia de Buenos Aires En la jornada DEL 15-01-25, efectivos policiales de la Comisaria [&hellip;]<\/p>\n","protected":false},"author":4,"featured_media":142526,"comment_status":"closed","ping_status":"closed","sticky":false,"template":"","format":"standard","meta":{"footnotes":""},"categories":[58],"tags":[],"class_list":{"0":"post-142525","1":"post","2":"type-post","3":"status-publish","4":"format-standard","5":"has-post-thumbnail","7":"category-corrientes"},"_links":{"self":[{"href":"https:\/\/revistaesperanzas.com\/web\/wp-json\/wp\/v2\/posts\/142525","targetHints":{"allow":["GET"]}}],"collection":[{"href":"https:\/\/revistaesperanzas.com\/web\/wp-json\/wp\/v2\/posts"}],"about":[{"href":"https:\/\/revistaesperanzas.com\/web\/wp-json\/wp\/v2\/types\/post"}],"author":[{"embeddable":true,"href":"https:\/\/revistaesperanzas.com\/web\/wp-json\/wp\/v2\/users\/4"}],"replies":[{"embeddable":true,"href":"https:\/\/revistaesperanzas.com\/web\/wp-json\/wp\/v2\/comments?post=142525"}],"version-history":[{"count":1,"href":"https:\/\/revistaesperanzas.com\/web\/wp-json\/wp\/v2\/posts\/142525\/revisions"}],"predecessor-version":[{"id":142527,"href":"https:\/\/revistaesperanzas.com\/web\/wp-json\/wp\/v2\/posts\/142525\/revisions\/142527"}],"wp:featuredmedia":[{"embeddable":true,"href":"https:\/\/revistaesperanzas.com\/web\/wp-json\/wp\/v2\/media\/142526"}],"wp:attachment":[{"href":"https:\/\/revistaesperanzas.com\/web\/wp-json\/wp\/v2\/media?parent=142525"}],"wp:term":[{"taxonomy":"category","embeddable":true,"href":"https:\/\/revistaesperanzas.com\/web\/wp-json\/wp\/v2\/categories?post=142525"},{"taxonomy":"post_tag","embeddable":true,"href":"https:\/\/revistaesperanzas.com\/web\/wp-json\/wp\/v2\/tags?post=142525"}],"curies":[{"name":"wp","href":"https:\/\/api.w.org\/{rel}","templated":true}]}}