{"id":142528,"date":"2026-01-16T10:59:30","date_gmt":"2026-01-16T13:59:30","guid":{"rendered":"https:\/\/revistaesperanzas.com\/web\/?p=142528"},"modified":"2026-01-16T10:59:30","modified_gmt":"2026-01-16T13:59:30","slug":"empedrado-conductor-de-moto-se-lesiona-en-caida-del-vehiculo","status":"publish","type":"post","link":"https:\/\/revistaesperanzas.com\/web\/2026\/01\/empedrado-conductor-de-moto-se-lesiona-en-caida-del-vehiculo\/","title":{"rendered":"EMPEDRADO: CONDUCTOR DE MOTO SE LESIONA EN CAIDA DEL VEH\u00cdCULO"},"content":{"rendered":"<p>En la noche DEL 14-01-26, efectivos policiales dependientes de la Comisaria de Distrito Empedrado tomaron conocimiento que por Ruta Nacional N\u00ba 12 a la altura del km 980 aproximadamente, se habr\u00eda registrado un siniestro vial, donde por causas y circunstancias que se tratan de establecer, el conductor de una motocicleta habr\u00eda perdido el control del rodado, lo que produjo su ca\u00edda a la cinta asf\u00e1ltica, resultando con lesiones graves.<\/p>\n<p>Seg\u00fan la informaci\u00f3n inicial obtenida, el hecho se habr\u00eda registrado pasadas las 20:00 horas y tuvo como protagonista a una motocicleta -marca Honda Biz- conducida por un joven \u2013 de 21 a\u00f1os de edad-, quien a ra\u00edz del siniestro fue trasladado hasta el Hospital Escuela de nuestra ciudad, donde tras ser examinado se determin\u00f3 que pose\u00eda lesiones de car\u00e1cter graves.<\/p>\n<p>Al respecto, en el lugar se realizaron las diligencias correspondientes y en la citada dependencia se continuaron con los tramites de rigor con intervenci\u00f3n de la Unidad Fiscal en turno.<\/p>\n","protected":false},"excerpt":{"rendered":"<p>En la noche DEL 14-01-26, efectivos policiales dependientes de la Comisaria de Distrito Empedrado tomaron conocimiento que por Ruta Nacional N\u00ba 12 a la altura del km 980 aproximadamente, se habr\u00eda registrado un siniestro vial, donde por causas y circunstancias que se tratan de establecer, el conductor de una motocicleta habr\u00eda perdido el control del [&hellip;]<\/p>\n","protected":false},"author":4,"featured_media":142529,"comment_status":"closed","ping_status":"closed","sticky":false,"template":"","format":"standard","meta":{"footnotes":""},"categories":[58],"tags":[],"class_list":{"0":"post-142528","1":"post","2":"type-post","3":"status-publish","4":"format-standard","5":"has-post-thumbnail","7":"category-corrientes"},"_links":{"self":[{"href":"https:\/\/revistaesperanzas.com\/web\/wp-json\/wp\/v2\/posts\/142528","targetHints":{"allow":["GET"]}}],"collection":[{"href":"https:\/\/revistaesperanzas.com\/web\/wp-json\/wp\/v2\/posts"}],"about":[{"href":"https:\/\/revistaesperanzas.com\/web\/wp-json\/wp\/v2\/types\/post"}],"author":[{"embeddable":true,"href":"https:\/\/revistaesperanzas.com\/web\/wp-json\/wp\/v2\/users\/4"}],"replies":[{"embeddable":true,"href":"https:\/\/revistaesperanzas.com\/web\/wp-json\/wp\/v2\/comments?post=142528"}],"version-history":[{"count":1,"href":"https:\/\/revistaesperanzas.com\/web\/wp-json\/wp\/v2\/posts\/142528\/revisions"}],"predecessor-version":[{"id":142530,"href":"https:\/\/revistaesperanzas.com\/web\/wp-json\/wp\/v2\/posts\/142528\/revisions\/142530"}],"wp:featuredmedia":[{"embeddable":true,"href":"https:\/\/revistaesperanzas.com\/web\/wp-json\/wp\/v2\/media\/142529"}],"wp:attachment":[{"href":"https:\/\/revistaesperanzas.com\/web\/wp-json\/wp\/v2\/media?parent=142528"}],"wp:term":[{"taxonomy":"category","embeddable":true,"href":"https:\/\/revistaesperanzas.com\/web\/wp-json\/wp\/v2\/categories?post=142528"},{"taxonomy":"post_tag","embeddable":true,"href":"https:\/\/revistaesperanzas.com\/web\/wp-json\/wp\/v2\/tags?post=142528"}],"curies":[{"name":"wp","href":"https:\/\/api.w.org\/{rel}","templated":true}]}}