{"id":142531,"date":"2026-01-16T11:06:01","date_gmt":"2026-01-16T14:06:01","guid":{"rendered":"https:\/\/revistaesperanzas.com\/web\/?p=142531"},"modified":"2026-01-16T11:08:09","modified_gmt":"2026-01-16T14:08:09","slug":"la-cruz-policia-secuestra-un-camion-termico-con-carne-clandestina","status":"publish","type":"post","link":"https:\/\/revistaesperanzas.com\/web\/2026\/01\/la-cruz-policia-secuestra-un-camion-termico-con-carne-clandestina\/","title":{"rendered":"LA CRUZ: POLIC\u00cdA SECUESTRA UN CAMION TERMICO CON CARNE CLANDESTINA"},"content":{"rendered":"<p>La Polic\u00eda tras diligenciar ordenes de allanamientos, secuestraron un cami\u00f3n t\u00e9rmico que aparentemente era utilizado para transportar carne clandestina<\/p>\n<p>En la jornada de ayer 15-01-26, en trabajo conjunto y coordinado, siguiendo la l\u00ednea<a href=\"https:\/\/revistaesperanzas.com\/web\/2026\/01\/la-cruz-policia-secuestra-un-camion-termico-con-carne-clandestina\/whatsapp-image-2026-01-16-at-10-44-37\/\" rel=\"attachment wp-att-142535\"><img loading=\"lazy\" decoding=\"async\" class=\" wp-image-142535 alignleft\" src=\"https:\/\/revistaesperanzas.com\/web\/wp-content\/uploads\/2026\/01\/WhatsApp-Image-2026-01-16-at-10.44.37.jpeg\" alt=\"\" width=\"550\" height=\"385\" srcset=\"https:\/\/revistaesperanzas.com\/web\/wp-content\/uploads\/2026\/01\/WhatsApp-Image-2026-01-16-at-10.44.37.jpeg 600w, https:\/\/revistaesperanzas.com\/web\/wp-content\/uploads\/2026\/01\/WhatsApp-Image-2026-01-16-at-10.44.37-100x70.jpeg 100w\" sizes=\"auto, (max-width: 550px) 100vw, 550px\" \/><\/a> investigativa, efectivos policiales de la Comisar\u00eda de distrito La Cruz, Unidad especial de seguridad rural y ecol\u00f3gica de la Cruz, Divisi\u00f3n GTO, y Divisi\u00f3n Investigaciones de la Unidad regional N\u00b0IV Paso de los Libres, en colaboraci\u00f3n con la unidad fiscal interviniente, tras diligenciar dos \u00f3rdenes de allanamientos, secuestraron un cami\u00f3n con el que presuntamente trasladaban carne clandestina.<\/p>\n<p>El procedimiento se enmarca en los diferentes trabajos de investigaci\u00f3n que se dieron inicio desde d\u00edas atr\u00e1s, en el marco de un legajo de investigaci\u00f3n que se encuentra en tr\u00e1mite, en este sentido, se diligenciaron dos \u00f3rdenes de allanamientos, en el Paraje Isoqui, logrando en uno de ellos, el secuestro de un cami\u00f3n con cabina \u2013marca Foton aumark- en el cual se presume que trasladaban carne clandestina. Cabe se\u00f1alar, que, por el caso, desde d\u00edas atr\u00e1s se encuentra aprehendido el propietario del rodado.<\/p>\n<p>Lo secuestrado fue trasladado a la citada dependencia policial, donde se prosigue con los tr\u00e1mites que corresponden.<\/p>\n","protected":false},"excerpt":{"rendered":"<p>La Polic\u00eda tras diligenciar ordenes de allanamientos, secuestraron un cami\u00f3n t\u00e9rmico que aparentemente era utilizado para transportar carne clandestina En la jornada de ayer 15-01-26, en trabajo conjunto y coordinado, siguiendo la l\u00ednea investigativa, efectivos policiales de la Comisar\u00eda de distrito La Cruz, Unidad especial de seguridad rural y ecol\u00f3gica de la Cruz, Divisi\u00f3n GTO, [&hellip;]<\/p>\n","protected":false},"author":4,"featured_media":142533,"comment_status":"closed","ping_status":"closed","sticky":false,"template":"","format":"standard","meta":{"footnotes":""},"categories":[58],"tags":[],"class_list":{"0":"post-142531","1":"post","2":"type-post","3":"status-publish","4":"format-standard","5":"has-post-thumbnail","7":"category-corrientes"},"_links":{"self":[{"href":"https:\/\/revistaesperanzas.com\/web\/wp-json\/wp\/v2\/posts\/142531","targetHints":{"allow":["GET"]}}],"collection":[{"href":"https:\/\/revistaesperanzas.com\/web\/wp-json\/wp\/v2\/posts"}],"about":[{"href":"https:\/\/revistaesperanzas.com\/web\/wp-json\/wp\/v2\/types\/post"}],"author":[{"embeddable":true,"href":"https:\/\/revistaesperanzas.com\/web\/wp-json\/wp\/v2\/users\/4"}],"replies":[{"embeddable":true,"href":"https:\/\/revistaesperanzas.com\/web\/wp-json\/wp\/v2\/comments?post=142531"}],"version-history":[{"count":2,"href":"https:\/\/revistaesperanzas.com\/web\/wp-json\/wp\/v2\/posts\/142531\/revisions"}],"predecessor-version":[{"id":142536,"href":"https:\/\/revistaesperanzas.com\/web\/wp-json\/wp\/v2\/posts\/142531\/revisions\/142536"}],"wp:featuredmedia":[{"embeddable":true,"href":"https:\/\/revistaesperanzas.com\/web\/wp-json\/wp\/v2\/media\/142533"}],"wp:attachment":[{"href":"https:\/\/revistaesperanzas.com\/web\/wp-json\/wp\/v2\/media?parent=142531"}],"wp:term":[{"taxonomy":"category","embeddable":true,"href":"https:\/\/revistaesperanzas.com\/web\/wp-json\/wp\/v2\/categories?post=142531"},{"taxonomy":"post_tag","embeddable":true,"href":"https:\/\/revistaesperanzas.com\/web\/wp-json\/wp\/v2\/tags?post=142531"}],"curies":[{"name":"wp","href":"https:\/\/api.w.org\/{rel}","templated":true}]}}