{"id":142537,"date":"2026-01-16T11:18:55","date_gmt":"2026-01-16T14:18:55","guid":{"rendered":"https:\/\/revistaesperanzas.com\/web\/?p=142537"},"modified":"2026-01-16T11:18:55","modified_gmt":"2026-01-16T14:18:55","slug":"prodego-luego-de-una-copiosa-lluvia-informa-que","status":"publish","type":"post","link":"https:\/\/revistaesperanzas.com\/web\/2026\/01\/prodego-luego-de-una-copiosa-lluvia-informa-que\/","title":{"rendered":"PRODEGO: LUEGO DE UNA COPIOSA LLUVIA, INFORMA QUE . . . . ."},"content":{"rendered":"<p>Durante la madrugada del 16 de enero, se registr\u00f3 un evento de lluvias con un acumulado total de 80 mm.<\/p>\n<p>Per\u00edodo de lluvias intensas: desde las 01:15 h hasta las 04:00 h, concentr\u00e1ndose en ese lapso la mayor intensidad del fen\u00f3meno.<\/p>\n<p>Per\u00edodo posterior: entre las 04:00 h y las 07:00 h se registraron lluvias de car\u00e1cter leve, que continuaron aportando acumulado sin generar incrementos bruscos de escurrimiento.<a href=\"https:\/\/revistaesperanzas.com\/web\/2026\/01\/prodego-luego-de-una-copiosa-lluvia-informa-que\/whatsapp-image-2026-01-16-at-08-31-25\/\" rel=\"attachment wp-att-142539\"><img loading=\"lazy\" decoding=\"async\" class=\" wp-image-142539 alignleft\" src=\"https:\/\/revistaesperanzas.com\/web\/wp-content\/uploads\/2026\/01\/WhatsApp-Image-2026-01-16-at-08.31.25.jpeg\" alt=\"\" width=\"380\" height=\"507\" srcset=\"https:\/\/revistaesperanzas.com\/web\/wp-content\/uploads\/2026\/01\/WhatsApp-Image-2026-01-16-at-08.31.25.jpeg 780w, https:\/\/revistaesperanzas.com\/web\/wp-content\/uploads\/2026\/01\/WhatsApp-Image-2026-01-16-at-08.31.25-315x420.jpeg 315w, https:\/\/revistaesperanzas.com\/web\/wp-content\/uploads\/2026\/01\/WhatsApp-Image-2026-01-16-at-08.31.25-696x928.jpeg 696w\" sizes=\"auto, (max-width: 380px) 100vw, 380px\" \/><\/a><\/p>\n<p>De los cuales, en los primeros 45 minutos se registraron aproximadamente 50 mm, lo que evidencia la ocurrencia de precipitaciones de alta intensidad en cortos per\u00edodos de tiempo.<\/p>\n<p>Como consecuencia, se produjeron anegamientos temporarios de calles y sectores bajos.<\/p>\n<p>Los excedentes pluviales fueron evacuados progresivamente a trav\u00e9s del sistema de drenaje, tanto por gravedad, favorecido por la condici\u00f3n de r\u00edo bajo, como mediante la puesta en funcionamiento de estaciones de bombeo en los sectores que lo requirieron.<\/p>\n<p>En forma simult\u00e1nea, personal operativo llev\u00f3 adelante tareas de limpieza de bocas de tormenta, as\u00ed como asistencia en la limpieza de rejas y bombas del sistema pluvial, a fin de garantizar el correcto funcionamiento del sistema y mitigar los efectos del evento.<\/p>\n<p>Las acciones se desarrollaron de manera continua durante todo el episodio, permitiendo una normalizaci\u00f3n gradual de la situaci\u00f3n una vez finalizadas las precipitaciones.<\/p>\n","protected":false},"excerpt":{"rendered":"<p>Durante la madrugada del 16 de enero, se registr\u00f3 un evento de lluvias con un acumulado total de 80 mm. Per\u00edodo de lluvias intensas: desde las 01:15 h hasta las 04:00 h, concentr\u00e1ndose en ese lapso la mayor intensidad del fen\u00f3meno. Per\u00edodo posterior: entre las 04:00 h y las 07:00 h se registraron lluvias de [&hellip;]<\/p>\n","protected":false},"author":4,"featured_media":142538,"comment_status":"closed","ping_status":"closed","sticky":false,"template":"","format":"standard","meta":{"footnotes":""},"categories":[45],"tags":[],"class_list":{"0":"post-142537","1":"post","2":"type-post","3":"status-publish","4":"format-standard","5":"has-post-thumbnail","7":"category-locales"},"_links":{"self":[{"href":"https:\/\/revistaesperanzas.com\/web\/wp-json\/wp\/v2\/posts\/142537","targetHints":{"allow":["GET"]}}],"collection":[{"href":"https:\/\/revistaesperanzas.com\/web\/wp-json\/wp\/v2\/posts"}],"about":[{"href":"https:\/\/revistaesperanzas.com\/web\/wp-json\/wp\/v2\/types\/post"}],"author":[{"embeddable":true,"href":"https:\/\/revistaesperanzas.com\/web\/wp-json\/wp\/v2\/users\/4"}],"replies":[{"embeddable":true,"href":"https:\/\/revistaesperanzas.com\/web\/wp-json\/wp\/v2\/comments?post=142537"}],"version-history":[{"count":2,"href":"https:\/\/revistaesperanzas.com\/web\/wp-json\/wp\/v2\/posts\/142537\/revisions"}],"predecessor-version":[{"id":142541,"href":"https:\/\/revistaesperanzas.com\/web\/wp-json\/wp\/v2\/posts\/142537\/revisions\/142541"}],"wp:featuredmedia":[{"embeddable":true,"href":"https:\/\/revistaesperanzas.com\/web\/wp-json\/wp\/v2\/media\/142538"}],"wp:attachment":[{"href":"https:\/\/revistaesperanzas.com\/web\/wp-json\/wp\/v2\/media?parent=142537"}],"wp:term":[{"taxonomy":"category","embeddable":true,"href":"https:\/\/revistaesperanzas.com\/web\/wp-json\/wp\/v2\/categories?post=142537"},{"taxonomy":"post_tag","embeddable":true,"href":"https:\/\/revistaesperanzas.com\/web\/wp-json\/wp\/v2\/tags?post=142537"}],"curies":[{"name":"wp","href":"https:\/\/api.w.org\/{rel}","templated":true}]}}