{"id":142542,"date":"2026-01-16T11:28:03","date_gmt":"2026-01-16T14:28:03","guid":{"rendered":"https:\/\/revistaesperanzas.com\/web\/?p=142542"},"modified":"2026-01-16T11:28:03","modified_gmt":"2026-01-16T14:28:03","slug":"insolito-en-la-cuna-del-surubi-rescatan-a-uno-de-una-estacion-de-bombeo","status":"publish","type":"post","link":"https:\/\/revistaesperanzas.com\/web\/2026\/01\/insolito-en-la-cuna-del-surubi-rescatan-a-uno-de-una-estacion-de-bombeo\/","title":{"rendered":"INSOLITO: EN LA CUNA DEL SURUB\u00cd, RESCATAN A UNO DE UNA ESTACION DE BOMBEO"},"content":{"rendered":"<p><a href=\"https:\/\/revistaesperanzas.com\/web\/2026\/01\/insolito-en-la-cuna-del-surubi-rescatan-a-uno-de-una-estacion-de-bombeo\/sin-titulo-2\/\" rel=\"attachment wp-att-142545\"><img loading=\"lazy\" decoding=\"async\" class=\" wp-image-142545 alignleft\" src=\"https:\/\/revistaesperanzas.com\/web\/wp-content\/uploads\/2026\/01\/Sin-titulo.png\" alt=\"\" width=\"408\" height=\"544\" srcset=\"https:\/\/revistaesperanzas.com\/web\/wp-content\/uploads\/2026\/01\/Sin-titulo.png 600w, https:\/\/revistaesperanzas.com\/web\/wp-content\/uploads\/2026\/01\/Sin-titulo-315x420.png 315w\" sizes=\"auto, (max-width: 408px) 100vw, 408px\" \/><\/a>Se rescato un surub\u00ed, en Estaci\u00f3n de Bombeo de calle Paraguay, personal de PRODEGO procedi\u00f3 a rescatar el pez, que fue devuelto a su h\u00e1bitat natural, en aguas del riachuelo Goya.<\/p>\n","protected":false},"excerpt":{"rendered":"<p>Se rescato un surub\u00ed, en Estaci\u00f3n de Bombeo de calle Paraguay, personal de PRODEGO procedi\u00f3 a rescatar el pez, que fue devuelto a su h\u00e1bitat natural, en aguas del riachuelo Goya.<\/p>\n","protected":false},"author":4,"featured_media":142544,"comment_status":"closed","ping_status":"closed","sticky":false,"template":"","format":"standard","meta":{"footnotes":""},"categories":[45],"tags":[],"class_list":{"0":"post-142542","1":"post","2":"type-post","3":"status-publish","4":"format-standard","5":"has-post-thumbnail","7":"category-locales"},"_links":{"self":[{"href":"https:\/\/revistaesperanzas.com\/web\/wp-json\/wp\/v2\/posts\/142542","targetHints":{"allow":["GET"]}}],"collection":[{"href":"https:\/\/revistaesperanzas.com\/web\/wp-json\/wp\/v2\/posts"}],"about":[{"href":"https:\/\/revistaesperanzas.com\/web\/wp-json\/wp\/v2\/types\/post"}],"author":[{"embeddable":true,"href":"https:\/\/revistaesperanzas.com\/web\/wp-json\/wp\/v2\/users\/4"}],"replies":[{"embeddable":true,"href":"https:\/\/revistaesperanzas.com\/web\/wp-json\/wp\/v2\/comments?post=142542"}],"version-history":[{"count":3,"href":"https:\/\/revistaesperanzas.com\/web\/wp-json\/wp\/v2\/posts\/142542\/revisions"}],"predecessor-version":[{"id":142547,"href":"https:\/\/revistaesperanzas.com\/web\/wp-json\/wp\/v2\/posts\/142542\/revisions\/142547"}],"wp:featuredmedia":[{"embeddable":true,"href":"https:\/\/revistaesperanzas.com\/web\/wp-json\/wp\/v2\/media\/142544"}],"wp:attachment":[{"href":"https:\/\/revistaesperanzas.com\/web\/wp-json\/wp\/v2\/media?parent=142542"}],"wp:term":[{"taxonomy":"category","embeddable":true,"href":"https:\/\/revistaesperanzas.com\/web\/wp-json\/wp\/v2\/categories?post=142542"},{"taxonomy":"post_tag","embeddable":true,"href":"https:\/\/revistaesperanzas.com\/web\/wp-json\/wp\/v2\/tags?post=142542"}],"curies":[{"name":"wp","href":"https:\/\/api.w.org\/{rel}","templated":true}]}}