{"id":142560,"date":"2026-01-16T20:14:22","date_gmt":"2026-01-16T23:14:22","guid":{"rendered":"https:\/\/revistaesperanzas.com\/web\/?p=142560"},"modified":"2026-01-16T20:14:22","modified_gmt":"2026-01-16T23:14:22","slug":"palpitando-la-fiesta-nacional-del-chamame","status":"publish","type":"post","link":"https:\/\/revistaesperanzas.com\/web\/2026\/01\/palpitando-la-fiesta-nacional-del-chamame\/","title":{"rendered":"PALPITANDO LA FIESTA NACIONAL DEL CHAMAM\u00c9"},"content":{"rendered":"<p>La Fiesta Nacional del Chamam\u00e9 podr\u00e1 vivirse en tiempo real m\u00e1s all\u00e1 del Anfiteatro Mario del Tr\u00e1nsito Cocomarola con nuestra transmisi\u00f3n en vivo cada noche de la celebraci\u00f3n chamamecera a trav\u00e9s de T5 Satelital y nuestros canales oficiales de YouTube , permitiendo que el p\u00fablico siga el evento desde cualquier punto del pa\u00eds y del exterior.<\/p>\n<p>La 35\u00aa Fiesta Nacional del Chamam\u00e9 \ud83c\udde6\ud83c\uddf7, la 21\u00aa Fiesta del MERCOSUR y la 5\u00aa Celebraci\u00f3n Mundial reunir\u00e1 a destacados artistas de la m\u00fasica y la danza en el escenario mayor del anfiteatro, adem\u00e1s de m\u00faltiples actividades culturales en el interior provincial y distintos espacios de la capital.<\/p>\n<p>Encontr\u00e1 el link en nuestras historias o sintoniz\u00e1 nuestra se\u00f1al en tu televisor desde la comodidad de tu casa y acompa\u00f1anos un a\u00f1o m\u00e1s a celebrar la FIESTA GRANDE<\/p>\n","protected":false},"excerpt":{"rendered":"<p>La Fiesta Nacional del Chamam\u00e9 podr\u00e1 vivirse en tiempo real m\u00e1s all\u00e1 del Anfiteatro Mario del Tr\u00e1nsito Cocomarola con nuestra transmisi\u00f3n en vivo cada noche de la celebraci\u00f3n chamamecera a trav\u00e9s de T5 Satelital y nuestros canales oficiales de YouTube , permitiendo que el p\u00fablico siga el evento desde cualquier punto del pa\u00eds y del [&hellip;]<\/p>\n","protected":false},"author":4,"featured_media":142561,"comment_status":"closed","ping_status":"closed","sticky":false,"template":"","format":"standard","meta":{"footnotes":""},"categories":[58],"tags":[],"class_list":{"0":"post-142560","1":"post","2":"type-post","3":"status-publish","4":"format-standard","5":"has-post-thumbnail","7":"category-corrientes"},"_links":{"self":[{"href":"https:\/\/revistaesperanzas.com\/web\/wp-json\/wp\/v2\/posts\/142560","targetHints":{"allow":["GET"]}}],"collection":[{"href":"https:\/\/revistaesperanzas.com\/web\/wp-json\/wp\/v2\/posts"}],"about":[{"href":"https:\/\/revistaesperanzas.com\/web\/wp-json\/wp\/v2\/types\/post"}],"author":[{"embeddable":true,"href":"https:\/\/revistaesperanzas.com\/web\/wp-json\/wp\/v2\/users\/4"}],"replies":[{"embeddable":true,"href":"https:\/\/revistaesperanzas.com\/web\/wp-json\/wp\/v2\/comments?post=142560"}],"version-history":[{"count":1,"href":"https:\/\/revistaesperanzas.com\/web\/wp-json\/wp\/v2\/posts\/142560\/revisions"}],"predecessor-version":[{"id":142562,"href":"https:\/\/revistaesperanzas.com\/web\/wp-json\/wp\/v2\/posts\/142560\/revisions\/142562"}],"wp:featuredmedia":[{"embeddable":true,"href":"https:\/\/revistaesperanzas.com\/web\/wp-json\/wp\/v2\/media\/142561"}],"wp:attachment":[{"href":"https:\/\/revistaesperanzas.com\/web\/wp-json\/wp\/v2\/media?parent=142560"}],"wp:term":[{"taxonomy":"category","embeddable":true,"href":"https:\/\/revistaesperanzas.com\/web\/wp-json\/wp\/v2\/categories?post=142560"},{"taxonomy":"post_tag","embeddable":true,"href":"https:\/\/revistaesperanzas.com\/web\/wp-json\/wp\/v2\/tags?post=142560"}],"curies":[{"name":"wp","href":"https:\/\/api.w.org\/{rel}","templated":true}]}}