{"id":142590,"date":"2026-01-16T20:37:47","date_gmt":"2026-01-16T23:37:47","guid":{"rendered":"https:\/\/revistaesperanzas.com\/web\/?p=142590"},"modified":"2026-01-16T20:37:47","modified_gmt":"2026-01-16T23:37:47","slug":"escuela-de-verano-4","status":"publish","type":"post","link":"https:\/\/revistaesperanzas.com\/web\/2026\/01\/escuela-de-verano-4\/","title":{"rendered":"ESCUELA DE VERANO"},"content":{"rendered":"<p style=\"font-weight: 400;\">Momentos para compartir y disfrutar el verano<\/p>\n<p style=\"font-weight: 400;\">Los ni\u00f1os de diferentes barrios disfrutaron del paseo en el Parque Acu\u00e1tico Goya.<a href=\"https:\/\/revistaesperanzas.com\/web\/2026\/01\/escuela-de-verano-4\/escuela-de-verano-ninos-de-los-barrios-disfrutan-del-parque-acuatico-goya-3\/\" rel=\"attachment wp-att-142592\"><img loading=\"lazy\" decoding=\"async\" class=\" wp-image-142592 alignleft\" src=\"https:\/\/revistaesperanzas.com\/web\/wp-content\/uploads\/2026\/01\/Escuela-de-Verano-ninos-de-los-Barrios-disfrutan-del-Parque-Acuatico-Goya-3.jpg\" alt=\"\" width=\"551\" height=\"447\" srcset=\"https:\/\/revistaesperanzas.com\/web\/wp-content\/uploads\/2026\/01\/Escuela-de-Verano-ninos-de-los-Barrios-disfrutan-del-Parque-Acuatico-Goya-3.jpg 600w, https:\/\/revistaesperanzas.com\/web\/wp-content\/uploads\/2026\/01\/Escuela-de-Verano-ninos-de-los-Barrios-disfrutan-del-Parque-Acuatico-Goya-3-517x420.jpg 517w\" sizes=\"auto, (max-width: 551px) 100vw, 551px\" \/><\/a><\/p>\n<p style=\"font-weight: 400;\">El programa integral de la Municipalidad de Goya, propone adem\u00e1s de los juegos y recreaci\u00f3n en el espacio junto al Rio Santa Lucia, la oportunidad de trasladar a los ni\u00f1os de diferentes barrios de la ciudad a conocer y disfrutar de los juegos instalados en dicho lugar, en la semana que concluye menores de los barrios Laguna Bosco; 9 de julio; Belgrano y el Puerto disfrutaron del Parque Acu\u00e1tico Goya<\/p>\n<p style=\"font-weight: 400;\">Los destinatarios del paseo compartieron unas ma\u00f1anas llenas de aprendizaje, diversi\u00f3n y alegr\u00eda.<\/p>\n<p style=\"font-weight: 400;\">Haciendo realidad el objetivo de recrear momentos para compartir y disfrutar del verano.<\/p>\n","protected":false},"excerpt":{"rendered":"<p>Momentos para compartir y disfrutar el verano Los ni\u00f1os de diferentes barrios disfrutaron del paseo en el Parque Acu\u00e1tico Goya. El programa integral de la Municipalidad de Goya, propone adem\u00e1s de los juegos y recreaci\u00f3n en el espacio junto al Rio Santa Lucia, la oportunidad de trasladar a los ni\u00f1os de diferentes barrios de la [&hellip;]<\/p>\n","protected":false},"author":4,"featured_media":142591,"comment_status":"closed","ping_status":"closed","sticky":false,"template":"","format":"standard","meta":{"footnotes":""},"categories":[45],"tags":[],"class_list":{"0":"post-142590","1":"post","2":"type-post","3":"status-publish","4":"format-standard","5":"has-post-thumbnail","7":"category-locales"},"_links":{"self":[{"href":"https:\/\/revistaesperanzas.com\/web\/wp-json\/wp\/v2\/posts\/142590","targetHints":{"allow":["GET"]}}],"collection":[{"href":"https:\/\/revistaesperanzas.com\/web\/wp-json\/wp\/v2\/posts"}],"about":[{"href":"https:\/\/revistaesperanzas.com\/web\/wp-json\/wp\/v2\/types\/post"}],"author":[{"embeddable":true,"href":"https:\/\/revistaesperanzas.com\/web\/wp-json\/wp\/v2\/users\/4"}],"replies":[{"embeddable":true,"href":"https:\/\/revistaesperanzas.com\/web\/wp-json\/wp\/v2\/comments?post=142590"}],"version-history":[{"count":2,"href":"https:\/\/revistaesperanzas.com\/web\/wp-json\/wp\/v2\/posts\/142590\/revisions"}],"predecessor-version":[{"id":142594,"href":"https:\/\/revistaesperanzas.com\/web\/wp-json\/wp\/v2\/posts\/142590\/revisions\/142594"}],"wp:featuredmedia":[{"embeddable":true,"href":"https:\/\/revistaesperanzas.com\/web\/wp-json\/wp\/v2\/media\/142591"}],"wp:attachment":[{"href":"https:\/\/revistaesperanzas.com\/web\/wp-json\/wp\/v2\/media?parent=142590"}],"wp:term":[{"taxonomy":"category","embeddable":true,"href":"https:\/\/revistaesperanzas.com\/web\/wp-json\/wp\/v2\/categories?post=142590"},{"taxonomy":"post_tag","embeddable":true,"href":"https:\/\/revistaesperanzas.com\/web\/wp-json\/wp\/v2\/tags?post=142590"}],"curies":[{"name":"wp","href":"https:\/\/api.w.org\/{rel}","templated":true}]}}