{"id":142603,"date":"2026-01-17T09:45:48","date_gmt":"2026-01-17T12:45:48","guid":{"rendered":"https:\/\/revistaesperanzas.com\/web\/?p=142603"},"modified":"2026-01-17T09:45:48","modified_gmt":"2026-01-17T12:45:48","slug":"santa-lucia-se-preparan-para-la-creciente-del-rio-y-ya-hay-evacuados","status":"publish","type":"post","link":"https:\/\/revistaesperanzas.com\/web\/2026\/01\/santa-lucia-se-preparan-para-la-creciente-del-rio-y-ya-hay-evacuados\/","title":{"rendered":"SANTA LUCIA: SE PREPARAN PARA LA CRECIENTE DEL R\u00cdO Y YA HAY EVACUADOS"},"content":{"rendered":"<header class=\"header-interior\"><\/header>\n<div id=\"main\" class=\"bloque\">\n<div class=\"cont-nota\">\n<article class=\"cont-cuerpo\">\n<div class=\"cont-foto\"><\/div>\n<section class=\"texto \">Durante la tarde de este viernes 16 de enero, en el cuartel de Bomberos Voluntarios de la localidad correntina de Santa Luc\u00eda, se llev\u00f3 a cabo una reuni\u00f3n del Comit\u00e9 de Crisis para analizar el estado actual del R\u00edo Santa Luc\u00eda y la posible creciente, como consecuencia de la gran cantidad de lluvias registradas en la regi\u00f3n.<\/p>\n<p>Actualmente, ya se registran personas evacuadas. El encuentro fue encabezado por el intendente local, junto a autoridades y representantes de las instituciones de la ciudad: Polic\u00eda de Corrientes, Bomberos Voluntarios, Gendarmer\u00eda Nacional, Hospital local, Desarrollo Social de la Provincia y funcionarios municipales.<\/p>\n<p>Durante la reuni\u00f3n, el jefe comunal solicit\u00f3 unificar esfuerzos y coordinar acciones para abordar de la manera m\u00e1s eficiente la situaci\u00f3n generada por la creciente del r\u00edo y asistir a las familias evacuadas, priorizando la seguridad y el acompa\u00f1amiento social.<\/p>\n<p>www.corrienteshoy.com<\/p>\n<\/section>\n<\/article>\n<\/div>\n<\/div>\n","protected":false},"excerpt":{"rendered":"<p>Durante la tarde de este viernes 16 de enero, en el cuartel de Bomberos Voluntarios de la localidad correntina de Santa Luc\u00eda, se llev\u00f3 a cabo una reuni\u00f3n del Comit\u00e9 de Crisis para analizar el estado actual del R\u00edo Santa Luc\u00eda y la posible creciente, como consecuencia de la gran cantidad de lluvias registradas en [&hellip;]<\/p>\n","protected":false},"author":4,"featured_media":142604,"comment_status":"closed","ping_status":"closed","sticky":false,"template":"","format":"standard","meta":{"footnotes":""},"categories":[58],"tags":[],"class_list":{"0":"post-142603","1":"post","2":"type-post","3":"status-publish","4":"format-standard","5":"has-post-thumbnail","7":"category-corrientes"},"_links":{"self":[{"href":"https:\/\/revistaesperanzas.com\/web\/wp-json\/wp\/v2\/posts\/142603","targetHints":{"allow":["GET"]}}],"collection":[{"href":"https:\/\/revistaesperanzas.com\/web\/wp-json\/wp\/v2\/posts"}],"about":[{"href":"https:\/\/revistaesperanzas.com\/web\/wp-json\/wp\/v2\/types\/post"}],"author":[{"embeddable":true,"href":"https:\/\/revistaesperanzas.com\/web\/wp-json\/wp\/v2\/users\/4"}],"replies":[{"embeddable":true,"href":"https:\/\/revistaesperanzas.com\/web\/wp-json\/wp\/v2\/comments?post=142603"}],"version-history":[{"count":1,"href":"https:\/\/revistaesperanzas.com\/web\/wp-json\/wp\/v2\/posts\/142603\/revisions"}],"predecessor-version":[{"id":142605,"href":"https:\/\/revistaesperanzas.com\/web\/wp-json\/wp\/v2\/posts\/142603\/revisions\/142605"}],"wp:featuredmedia":[{"embeddable":true,"href":"https:\/\/revistaesperanzas.com\/web\/wp-json\/wp\/v2\/media\/142604"}],"wp:attachment":[{"href":"https:\/\/revistaesperanzas.com\/web\/wp-json\/wp\/v2\/media?parent=142603"}],"wp:term":[{"taxonomy":"category","embeddable":true,"href":"https:\/\/revistaesperanzas.com\/web\/wp-json\/wp\/v2\/categories?post=142603"},{"taxonomy":"post_tag","embeddable":true,"href":"https:\/\/revistaesperanzas.com\/web\/wp-json\/wp\/v2\/tags?post=142603"}],"curies":[{"name":"wp","href":"https:\/\/api.w.org\/{rel}","templated":true}]}}