{"id":142607,"date":"2026-01-17T16:27:25","date_gmt":"2026-01-17T19:27:25","guid":{"rendered":"https:\/\/revistaesperanzas.com\/web\/?p=142607"},"modified":"2026-01-17T16:27:26","modified_gmt":"2026-01-17T19:27:26","slug":"policia-de-corrientes-recupera-37-animales-vacunos-y-detienen-a-una-persona-mayor-de-edad-dedicada-al-abigeato","status":"publish","type":"post","link":"https:\/\/revistaesperanzas.com\/web\/2026\/01\/policia-de-corrientes-recupera-37-animales-vacunos-y-detienen-a-una-persona-mayor-de-edad-dedicada-al-abigeato\/","title":{"rendered":"POLIC\u00cdA DE CORRIENTES RECUPERA 37 ANIMALES VACUNOS Y DETIENEN A UNA PERSONA MAYOR DE EDAD DEDICADA AL ABIGEATO"},"content":{"rendered":"<p>LA CRUZ\u00a0 &#8211; &#8211;\u00a0 Tras un allanamiento realizado, la Polic\u00eda recuper\u00f3 37 animales vacunos y aprehendi\u00f3 a un hombre mayor de edad, quien seria integrante de una banda dedica a hechos relacionados al abigeato.<a href=\"https:\/\/revistaesperanzas.com\/web\/2026\/01\/policia-de-corrientes-recupera-37-animales-vacunos-y-detienen-a-una-persona-mayor-de-edad-dedicada-al-abigeato\/whatsapp-image-2026-01-17-at-13-11-30-1-2\/\" rel=\"attachment wp-att-142610\"><img loading=\"lazy\" decoding=\"async\" class=\" wp-image-142610 alignright\" src=\"https:\/\/revistaesperanzas.com\/web\/wp-content\/uploads\/2026\/01\/WhatsApp-Image-2026-01-17-at-13.11.30-1-1.jpeg\" alt=\"\" width=\"500\" height=\"350\" srcset=\"https:\/\/revistaesperanzas.com\/web\/wp-content\/uploads\/2026\/01\/WhatsApp-Image-2026-01-17-at-13.11.30-1-1.jpeg 600w, https:\/\/revistaesperanzas.com\/web\/wp-content\/uploads\/2026\/01\/WhatsApp-Image-2026-01-17-at-13.11.30-1-1-100x70.jpeg 100w\" sizes=\"auto, (max-width: 500px) 100vw, 500px\" \/><\/a><\/p>\n<p>En la jornada de ayer 16-01-26, personal policial dependientes del PRIAR de la Cruz en forma conjunta con la comisaria de esa localidad, PRIAR Corrientes Capital, grupos especiales GTO y GRIM de Paso de los Libres, en el marco investigativo de una causa judicial en tr\u00e1mite, llevaron adelante el diligenciamiento de una orden judicial en un establecimiento rural ubicado en el Paraje Stingana.<\/p>\n<p>En la oportunidad, los mencionados efectivos lograron el secuestro de un total de 37 animales vacunos y la detenci\u00f3n de un hombre de 32 a\u00f1os de edad, quien -seg\u00fan las<a href=\"https:\/\/revistaesperanzas.com\/web\/2026\/01\/policia-de-corrientes-recupera-37-animales-vacunos-y-detienen-a-una-persona-mayor-de-edad-dedicada-al-abigeato\/whatsapp-image-2026-01-17-at-13-11-30\/\" rel=\"attachment wp-att-142611\"><img loading=\"lazy\" decoding=\"async\" class=\" wp-image-142611 alignleft\" src=\"https:\/\/revistaesperanzas.com\/web\/wp-content\/uploads\/2026\/01\/WhatsApp-Image-2026-01-17-at-13.11.30.jpeg\" alt=\"\" width=\"501\" height=\"351\" srcset=\"https:\/\/revistaesperanzas.com\/web\/wp-content\/uploads\/2026\/01\/WhatsApp-Image-2026-01-17-at-13.11.30.jpeg 600w, https:\/\/revistaesperanzas.com\/web\/wp-content\/uploads\/2026\/01\/WhatsApp-Image-2026-01-17-at-13.11.30-100x70.jpeg 100w\" sizes=\"auto, (max-width: 501px) 100vw, 501px\" \/><\/a> tareas investigativas realizadas- tendr\u00eda relaci\u00f3n con la causa que se investiga y por el cual otras dos personas ya se encontrar\u00edan a disposici\u00f3n de la justicia, desarticulando de esta manera una presunta banda de hecho relacionado al abigeato.<\/p>\n<p>La persona aprehendida y los animales secuestrados fueron puestos a disposici\u00f3n de la justicia a fin de continuar con los tr\u00e1mites correspondientes.<\/p>\n","protected":false},"excerpt":{"rendered":"<p>LA CRUZ\u00a0 &#8211; &#8211;\u00a0 Tras un allanamiento realizado, la Polic\u00eda recuper\u00f3 37 animales vacunos y aprehendi\u00f3 a un hombre mayor de edad, quien seria integrante de una banda dedica a hechos relacionados al abigeato. En la jornada de ayer 16-01-26, personal policial dependientes del PRIAR de la Cruz en forma conjunta con la comisaria de [&hellip;]<\/p>\n","protected":false},"author":4,"featured_media":142608,"comment_status":"closed","ping_status":"closed","sticky":false,"template":"","format":"standard","meta":{"footnotes":""},"categories":[58],"tags":[],"class_list":{"0":"post-142607","1":"post","2":"type-post","3":"status-publish","4":"format-standard","5":"has-post-thumbnail","7":"category-corrientes"},"_links":{"self":[{"href":"https:\/\/revistaesperanzas.com\/web\/wp-json\/wp\/v2\/posts\/142607","targetHints":{"allow":["GET"]}}],"collection":[{"href":"https:\/\/revistaesperanzas.com\/web\/wp-json\/wp\/v2\/posts"}],"about":[{"href":"https:\/\/revistaesperanzas.com\/web\/wp-json\/wp\/v2\/types\/post"}],"author":[{"embeddable":true,"href":"https:\/\/revistaesperanzas.com\/web\/wp-json\/wp\/v2\/users\/4"}],"replies":[{"embeddable":true,"href":"https:\/\/revistaesperanzas.com\/web\/wp-json\/wp\/v2\/comments?post=142607"}],"version-history":[{"count":2,"href":"https:\/\/revistaesperanzas.com\/web\/wp-json\/wp\/v2\/posts\/142607\/revisions"}],"predecessor-version":[{"id":142613,"href":"https:\/\/revistaesperanzas.com\/web\/wp-json\/wp\/v2\/posts\/142607\/revisions\/142613"}],"wp:featuredmedia":[{"embeddable":true,"href":"https:\/\/revistaesperanzas.com\/web\/wp-json\/wp\/v2\/media\/142608"}],"wp:attachment":[{"href":"https:\/\/revistaesperanzas.com\/web\/wp-json\/wp\/v2\/media?parent=142607"}],"wp:term":[{"taxonomy":"category","embeddable":true,"href":"https:\/\/revistaesperanzas.com\/web\/wp-json\/wp\/v2\/categories?post=142607"},{"taxonomy":"post_tag","embeddable":true,"href":"https:\/\/revistaesperanzas.com\/web\/wp-json\/wp\/v2\/tags?post=142607"}],"curies":[{"name":"wp","href":"https:\/\/api.w.org\/{rel}","templated":true}]}}