{"id":142614,"date":"2026-01-17T16:34:16","date_gmt":"2026-01-17T19:34:16","guid":{"rendered":"https:\/\/revistaesperanzas.com\/web\/?p=142614"},"modified":"2026-01-17T16:34:16","modified_gmt":"2026-01-17T19:34:16","slug":"gracias-a-un-rapido-accionar","status":"publish","type":"post","link":"https:\/\/revistaesperanzas.com\/web\/2026\/01\/gracias-a-un-rapido-accionar\/","title":{"rendered":"GRACIAS A UN RAPIDO ACCIONAR"},"content":{"rendered":"<p>Detienen a un sujeto con pedido de captura por parte de la justicia de la Provincia de Buenos Aires vinculado un homicidio reciente<\/p>\n<p>En horas de la ma\u00f1ana de ayer, efectivos policiales de la Direcci\u00f3n de investigaci\u00f3n Criminal de la polic\u00eda de Corrientes, luego de diversos trabajos investigativos en relaci\u00f3n a un supuesto homicidio ocurrido en la provincia de Buenos Aires, lograron localizar a un hombre pr\u00f3fugo de la Justicia.<a href=\"https:\/\/revistaesperanzas.com\/web\/2026\/01\/gracias-a-un-rapido-accionar\/sin-titulo-3\/\" rel=\"attachment wp-att-142616\"><img loading=\"lazy\" decoding=\"async\" class=\" wp-image-142616 alignleft\" src=\"https:\/\/revistaesperanzas.com\/web\/wp-content\/uploads\/2026\/01\/Sin-titulo-1.png\" alt=\"\" width=\"500\" height=\"350\" srcset=\"https:\/\/revistaesperanzas.com\/web\/wp-content\/uploads\/2026\/01\/Sin-titulo-1.png 600w, https:\/\/revistaesperanzas.com\/web\/wp-content\/uploads\/2026\/01\/Sin-titulo-1-100x70.png 100w\" sizes=\"auto, (max-width: 500px) 100vw, 500px\" \/><\/a><\/p>\n<p>El procedimiento lo concretaron los citados polic\u00edas, tras un pedido de colaboraci\u00f3n realizado por sus pares de la Polic\u00eda de Buenos Aires ya que los mismos estimaban que este sujeto podr\u00eda estar oculto en nuestra provincia tras participar de un homicidio.<\/p>\n<p>Es as\u00ed, que desde el d\u00eda de ayer montaron un amplio operativo que inclu\u00eda personal policial de civil, quienes lograron hoy cerca de las 10.00hs., localizar en la zona de terminal de nuestra capital (avenida Maip\u00fa y Aconcagua, luego de realizar una inspecci\u00f3n en los micros de larga distancia, finalmente lograron localizar a este sujeto de apellido G\u00f3mez (49) domiciliado en la el Partido de Almirante Brown, Provincia de Buenos Aires.<a href=\"https:\/\/revistaesperanzas.com\/web\/2026\/01\/gracias-a-un-rapido-accionar\/whatsapp-image-2026-01-17-at-12-54-25-1\/\" rel=\"attachment wp-att-142617\"><img loading=\"lazy\" decoding=\"async\" class=\" wp-image-142617 alignright\" src=\"https:\/\/revistaesperanzas.com\/web\/wp-content\/uploads\/2026\/01\/WhatsApp-Image-2026-01-17-at-12.54.25-1.jpeg\" alt=\"\" width=\"501\" height=\"351\" srcset=\"https:\/\/revistaesperanzas.com\/web\/wp-content\/uploads\/2026\/01\/WhatsApp-Image-2026-01-17-at-12.54.25-1.jpeg 600w, https:\/\/revistaesperanzas.com\/web\/wp-content\/uploads\/2026\/01\/WhatsApp-Image-2026-01-17-at-12.54.25-1-100x70.jpeg 100w\" sizes=\"auto, (max-width: 501px) 100vw, 501px\" \/><\/a><\/p>\n<p>Por lo que fue puesto a disposici\u00f3n de la Justicia y posteriormente ser\u00eda trasladado a la Provincia de Buenos Aires, destac\u00e1ndose este eficaz accionar de la de la Direcci\u00f3n de investigaci\u00f3n Criminal en su detenci\u00f3n en colaboraci\u00f3n con sus pares de la Polic\u00eda de Buenos Aires, puesto que este hecho tomo trascendencia nacional en los medios de comunicaci\u00f3n. Mientras tanto se prosiguen con las diligencias de rigor correspondientes.<\/p>\n","protected":false},"excerpt":{"rendered":"<p>Detienen a un sujeto con pedido de captura por parte de la justicia de la Provincia de Buenos Aires vinculado un homicidio reciente En horas de la ma\u00f1ana de ayer, efectivos policiales de la Direcci\u00f3n de investigaci\u00f3n Criminal de la polic\u00eda de Corrientes, luego de diversos trabajos investigativos en relaci\u00f3n a un supuesto homicidio ocurrido [&hellip;]<\/p>\n","protected":false},"author":4,"featured_media":142615,"comment_status":"closed","ping_status":"closed","sticky":false,"template":"","format":"standard","meta":{"footnotes":""},"categories":[58],"tags":[],"class_list":{"0":"post-142614","1":"post","2":"type-post","3":"status-publish","4":"format-standard","5":"has-post-thumbnail","7":"category-corrientes"},"_links":{"self":[{"href":"https:\/\/revistaesperanzas.com\/web\/wp-json\/wp\/v2\/posts\/142614","targetHints":{"allow":["GET"]}}],"collection":[{"href":"https:\/\/revistaesperanzas.com\/web\/wp-json\/wp\/v2\/posts"}],"about":[{"href":"https:\/\/revistaesperanzas.com\/web\/wp-json\/wp\/v2\/types\/post"}],"author":[{"embeddable":true,"href":"https:\/\/revistaesperanzas.com\/web\/wp-json\/wp\/v2\/users\/4"}],"replies":[{"embeddable":true,"href":"https:\/\/revistaesperanzas.com\/web\/wp-json\/wp\/v2\/comments?post=142614"}],"version-history":[{"count":2,"href":"https:\/\/revistaesperanzas.com\/web\/wp-json\/wp\/v2\/posts\/142614\/revisions"}],"predecessor-version":[{"id":142619,"href":"https:\/\/revistaesperanzas.com\/web\/wp-json\/wp\/v2\/posts\/142614\/revisions\/142619"}],"wp:featuredmedia":[{"embeddable":true,"href":"https:\/\/revistaesperanzas.com\/web\/wp-json\/wp\/v2\/media\/142615"}],"wp:attachment":[{"href":"https:\/\/revistaesperanzas.com\/web\/wp-json\/wp\/v2\/media?parent=142614"}],"wp:term":[{"taxonomy":"category","embeddable":true,"href":"https:\/\/revistaesperanzas.com\/web\/wp-json\/wp\/v2\/categories?post=142614"},{"taxonomy":"post_tag","embeddable":true,"href":"https:\/\/revistaesperanzas.com\/web\/wp-json\/wp\/v2\/tags?post=142614"}],"curies":[{"name":"wp","href":"https:\/\/api.w.org\/{rel}","templated":true}]}}