{"id":142620,"date":"2026-01-17T16:41:07","date_gmt":"2026-01-17T19:41:07","guid":{"rendered":"https:\/\/revistaesperanzas.com\/web\/?p=142620"},"modified":"2026-01-17T16:41:07","modified_gmt":"2026-01-17T19:41:07","slug":"anfiteatro-mario-del-transito-cocomarola","status":"publish","type":"post","link":"https:\/\/revistaesperanzas.com\/web\/2026\/01\/anfiteatro-mario-del-transito-cocomarola\/","title":{"rendered":"ANFITEATRO MARIO DEL TRANSITO COCOMAROLA"},"content":{"rendered":"<p>\u201cSe dio inicio a la 35\u00ba edici\u00f3n de la fiesta Nacional del Chamam\u00e9, 21\u00ba del Mercosur y 5\u00ba celebraci\u00f3n mundial\u201d<a href=\"https:\/\/revistaesperanzas.com\/web\/2026\/01\/anfiteatro-mario-del-transito-cocomarola\/whatsapp-image-2026-01-17-at-12-13-52-1\/\" rel=\"attachment wp-att-142622\"><img loading=\"lazy\" decoding=\"async\" class=\" wp-image-142622 alignleft\" src=\"https:\/\/revistaesperanzas.com\/web\/wp-content\/uploads\/2026\/01\/WhatsApp-Image-2026-01-17-at-12.13.52-1.jpeg\" alt=\"\" width=\"500\" height=\"339\" \/><\/a><\/p>\n<p>En el Marco del dispositivo especial de seguridad diagramado y dispuesto desde el Ministerio de Seguridad, la Subsecretaria de Seguridad y Jefatura de la Polic\u00eda Corrientes con motivo de la realizaci\u00f3n de la &#8220;35\u00ba Fiesta Nacional del Chamam\u00e9, 21\u00ba del Mercosur y 5\u00ba Celebraci\u00f3n Mundial\u201d, e implementado en la primera noche, ha culminado sin novedades de trascendencia en materia de seguridad.<\/p>\n<p>El servicio, dio inicio a las 20:30 horas y el dispositivo de seguridad estuvo bajo la<a href=\"https:\/\/revistaesperanzas.com\/web\/2026\/01\/anfiteatro-mario-del-transito-cocomarola\/whatsapp-image-2026-01-17-at-12-13-52\/\" rel=\"attachment wp-att-142623\"><img loading=\"lazy\" decoding=\"async\" class=\" wp-image-142623 alignright\" src=\"https:\/\/revistaesperanzas.com\/web\/wp-content\/uploads\/2026\/01\/WhatsApp-Image-2026-01-17-at-12.13.52.jpeg\" alt=\"\" width=\"501\" height=\"365\" srcset=\"https:\/\/revistaesperanzas.com\/web\/wp-content\/uploads\/2026\/01\/WhatsApp-Image-2026-01-17-at-12.13.52.jpeg 600w, https:\/\/revistaesperanzas.com\/web\/wp-content\/uploads\/2026\/01\/WhatsApp-Image-2026-01-17-at-12.13.52-577x420.jpeg 577w, https:\/\/revistaesperanzas.com\/web\/wp-content\/uploads\/2026\/01\/WhatsApp-Image-2026-01-17-at-12.13.52-324x235.jpeg 324w\" sizes=\"auto, (max-width: 501px) 100vw, 501px\" \/><\/a> supervisi\u00f3n del se\u00f1or jefe de la Polic\u00eda de Corrientes Comisario General Lic. Miguel \u00c1ngel Leguizamon, Sub Jefe de Polic\u00eda Comisario General Walter Aceval y cont\u00f3 con la afectaci\u00f3n de efectivos policiales de distintas \u00e1reas en calidad de polic\u00eda adicional; tanto dentro del predio como en las inmediaciones, colaborando para ello el sistema integral de seguridad (S.I.S) 911 y personal de la Direcci\u00f3n de Drones mediante la utilizaci\u00f3n de elementos tecnol\u00f3gicos para el mejor desempe\u00f1o del plan de seguridad implementado en la oportunidad.<a href=\"https:\/\/revistaesperanzas.com\/web\/2026\/01\/anfiteatro-mario-del-transito-cocomarola\/whatsapp-image-2026-01-17-at-12-13-51\/\" rel=\"attachment wp-att-142624\"><img loading=\"lazy\" decoding=\"async\" class=\" wp-image-142624 alignleft\" src=\"https:\/\/revistaesperanzas.com\/web\/wp-content\/uploads\/2026\/01\/WhatsApp-Image-2026-01-17-at-12.13.51.jpeg\" alt=\"\" width=\"500\" height=\"336\" \/><\/a><\/p>\n<p>Durante toda la noche, respecto a la seguridad interna, externa y perimetral, el evento se desarroll\u00f3 normalmente, finalizando alrededor de las 04:00 horas, sin mayores inconvenientes en materia de seguridad.<a href=\"https:\/\/revistaesperanzas.com\/web\/2026\/01\/anfiteatro-mario-del-transito-cocomarola\/whatsapp-image-2026-01-17-at-12-13-50\/\" rel=\"attachment wp-att-142625\"><img loading=\"lazy\" decoding=\"async\" class=\" wp-image-142625 alignright\" src=\"https:\/\/revistaesperanzas.com\/web\/wp-content\/uploads\/2026\/01\/WhatsApp-Image-2026-01-17-at-12.13.50.jpeg\" alt=\"\" width=\"500\" height=\"350\" srcset=\"https:\/\/revistaesperanzas.com\/web\/wp-content\/uploads\/2026\/01\/WhatsApp-Image-2026-01-17-at-12.13.50.jpeg 600w, https:\/\/revistaesperanzas.com\/web\/wp-content\/uploads\/2026\/01\/WhatsApp-Image-2026-01-17-at-12.13.50-100x70.jpeg 100w\" sizes=\"auto, (max-width: 500px) 100vw, 500px\" \/><\/a><\/p>\n","protected":false},"excerpt":{"rendered":"<p>\u201cSe dio inicio a la 35\u00ba edici\u00f3n de la fiesta Nacional del Chamam\u00e9, 21\u00ba del Mercosur y 5\u00ba celebraci\u00f3n mundial\u201d En el Marco del dispositivo especial de seguridad diagramado y dispuesto desde el Ministerio de Seguridad, la Subsecretaria de Seguridad y Jefatura de la Polic\u00eda Corrientes con motivo de la realizaci\u00f3n de la &#8220;35\u00ba Fiesta [&hellip;]<\/p>\n","protected":false},"author":4,"featured_media":142621,"comment_status":"closed","ping_status":"closed","sticky":false,"template":"","format":"standard","meta":{"footnotes":""},"categories":[58],"tags":[],"class_list":{"0":"post-142620","1":"post","2":"type-post","3":"status-publish","4":"format-standard","5":"has-post-thumbnail","7":"category-corrientes"},"_links":{"self":[{"href":"https:\/\/revistaesperanzas.com\/web\/wp-json\/wp\/v2\/posts\/142620","targetHints":{"allow":["GET"]}}],"collection":[{"href":"https:\/\/revistaesperanzas.com\/web\/wp-json\/wp\/v2\/posts"}],"about":[{"href":"https:\/\/revistaesperanzas.com\/web\/wp-json\/wp\/v2\/types\/post"}],"author":[{"embeddable":true,"href":"https:\/\/revistaesperanzas.com\/web\/wp-json\/wp\/v2\/users\/4"}],"replies":[{"embeddable":true,"href":"https:\/\/revistaesperanzas.com\/web\/wp-json\/wp\/v2\/comments?post=142620"}],"version-history":[{"count":2,"href":"https:\/\/revistaesperanzas.com\/web\/wp-json\/wp\/v2\/posts\/142620\/revisions"}],"predecessor-version":[{"id":142627,"href":"https:\/\/revistaesperanzas.com\/web\/wp-json\/wp\/v2\/posts\/142620\/revisions\/142627"}],"wp:featuredmedia":[{"embeddable":true,"href":"https:\/\/revistaesperanzas.com\/web\/wp-json\/wp\/v2\/media\/142621"}],"wp:attachment":[{"href":"https:\/\/revistaesperanzas.com\/web\/wp-json\/wp\/v2\/media?parent=142620"}],"wp:term":[{"taxonomy":"category","embeddable":true,"href":"https:\/\/revistaesperanzas.com\/web\/wp-json\/wp\/v2\/categories?post=142620"},{"taxonomy":"post_tag","embeddable":true,"href":"https:\/\/revistaesperanzas.com\/web\/wp-json\/wp\/v2\/tags?post=142620"}],"curies":[{"name":"wp","href":"https:\/\/api.w.org\/{rel}","templated":true}]}}