{"id":142628,"date":"2026-01-17T16:44:47","date_gmt":"2026-01-17T19:44:47","guid":{"rendered":"https:\/\/revistaesperanzas.com\/web\/?p=142628"},"modified":"2026-01-17T16:44:47","modified_gmt":"2026-01-17T19:44:47","slug":"policia-recupero-motocicleta-sustraida-en-zona-sur-de-goya","status":"publish","type":"post","link":"https:\/\/revistaesperanzas.com\/web\/2026\/01\/policia-recupero-motocicleta-sustraida-en-zona-sur-de-goya\/","title":{"rendered":"POLICIA RECUPERO MOTOCICLETA SUSTRAIDA EN ZONA SUR DE GOYA"},"content":{"rendered":"<p>La Comisar\u00eda Primera de Goya informa que, en el marco de tareas de prevenci\u00f3n, personal policial logr\u00f3 recuperar una motocicleta Honda Wave que hab\u00eda sido sustra\u00edda en la madrugada de ayer, durante la tormenta, en la zona sur de la ciudad.<\/p>\n<p>El rodado fue localizado durante un control vehicular realizado en la zona c\u00e9ntrica de Goya y, tras efectuarse la verificaci\u00f3n correspondiente en la base de datos, se constat\u00f3 que registraba pedido de secuestro vigente.<a href=\"https:\/\/revistaesperanzas.com\/web\/2026\/01\/policia-recupero-motocicleta-sustraida-en-zona-sur-de-goya\/whatsapp-image-2026-01-17-at-12-18-37\/\" rel=\"attachment wp-att-142630\"><img loading=\"lazy\" decoding=\"async\" class=\" wp-image-142630 alignright\" src=\"https:\/\/revistaesperanzas.com\/web\/wp-content\/uploads\/2026\/01\/WhatsApp-Image-2026-01-17-at-12.18.37.jpeg\" alt=\"\" width=\"500\" height=\"350\" srcset=\"https:\/\/revistaesperanzas.com\/web\/wp-content\/uploads\/2026\/01\/WhatsApp-Image-2026-01-17-at-12.18.37.jpeg 600w, https:\/\/revistaesperanzas.com\/web\/wp-content\/uploads\/2026\/01\/WhatsApp-Image-2026-01-17-at-12.18.37-100x70.jpeg 100w\" sizes=\"auto, (max-width: 500px) 100vw, 500px\" \/><\/a><\/p>\n<p>La motocicleta fue secuestrada preventivamente, quedando a disposici\u00f3n de la autoridad judicial interviniente, continu\u00e1ndose con las actuaciones de rigor.<\/p>\n<p>Desde la Comisar\u00eda Primera de Goya se destaca el accionar preventivo del personal policial, orientado a la detecci\u00f3n temprana de los hechos.<\/p>\n","protected":false},"excerpt":{"rendered":"<p>La Comisar\u00eda Primera de Goya informa que, en el marco de tareas de prevenci\u00f3n, personal policial logr\u00f3 recuperar una motocicleta Honda Wave que hab\u00eda sido sustra\u00edda en la madrugada de ayer, durante la tormenta, en la zona sur de la ciudad. El rodado fue localizado durante un control vehicular realizado en la zona c\u00e9ntrica de [&hellip;]<\/p>\n","protected":false},"author":4,"featured_media":142629,"comment_status":"closed","ping_status":"closed","sticky":false,"template":"","format":"standard","meta":{"footnotes":""},"categories":[45],"tags":[],"class_list":{"0":"post-142628","1":"post","2":"type-post","3":"status-publish","4":"format-standard","5":"has-post-thumbnail","7":"category-locales"},"_links":{"self":[{"href":"https:\/\/revistaesperanzas.com\/web\/wp-json\/wp\/v2\/posts\/142628","targetHints":{"allow":["GET"]}}],"collection":[{"href":"https:\/\/revistaesperanzas.com\/web\/wp-json\/wp\/v2\/posts"}],"about":[{"href":"https:\/\/revistaesperanzas.com\/web\/wp-json\/wp\/v2\/types\/post"}],"author":[{"embeddable":true,"href":"https:\/\/revistaesperanzas.com\/web\/wp-json\/wp\/v2\/users\/4"}],"replies":[{"embeddable":true,"href":"https:\/\/revistaesperanzas.com\/web\/wp-json\/wp\/v2\/comments?post=142628"}],"version-history":[{"count":2,"href":"https:\/\/revistaesperanzas.com\/web\/wp-json\/wp\/v2\/posts\/142628\/revisions"}],"predecessor-version":[{"id":142632,"href":"https:\/\/revistaesperanzas.com\/web\/wp-json\/wp\/v2\/posts\/142628\/revisions\/142632"}],"wp:featuredmedia":[{"embeddable":true,"href":"https:\/\/revistaesperanzas.com\/web\/wp-json\/wp\/v2\/media\/142629"}],"wp:attachment":[{"href":"https:\/\/revistaesperanzas.com\/web\/wp-json\/wp\/v2\/media?parent=142628"}],"wp:term":[{"taxonomy":"category","embeddable":true,"href":"https:\/\/revistaesperanzas.com\/web\/wp-json\/wp\/v2\/categories?post=142628"},{"taxonomy":"post_tag","embeddable":true,"href":"https:\/\/revistaesperanzas.com\/web\/wp-json\/wp\/v2\/tags?post=142628"}],"curies":[{"name":"wp","href":"https:\/\/api.w.org\/{rel}","templated":true}]}}